{"id":27962,"date":"2019-05-09T09:35:11","date_gmt":"2019-05-09T08:35:11","guid":{"rendered":"http:\/\/www.agrupament.cat\/portal\/?p=27962"},"modified":"2019-05-09T09:35:11","modified_gmt":"2019-05-09T08:35:11","slug":"renfe-lanza-la-compra-de-105-trenes-regionales-por-1-322-millones","status":"publish","type":"post","link":"https:\/\/www.agrupament.cat\/portal\/2019\/05\/renfe-lanza-la-compra-de-105-trenes-regionales-por-1-322-millones\/","title":{"rendered":"Renfe lanza la compra de 105 trenes Regionales por 1.322 millones"},"content":{"rendered":"<p>07\/05\/2019.- Cuarto pedido que licita de su plan de compra de trenes<\/p>\n<p>MADRID, 7 (EUROPA PRESS)<br \/>\nRenfe ha sacado a concurso el contrato de compra de 105 trenes para tr\u00e1ficos de Media Distancia (regionales) y su posterior mantenimiento durante un periodo de quince a\u00f1os por un importe de total de 1.322 millones de euros.<\/p>\n<p>Del total de trenes del contrato, 43 se suministrar\u00e1n a su adjudicaci\u00f3n y otros 62 suponen suministros adicionales, seg\u00fan detall\u00f3 la compa\u00f1\u00eda, que cifra en 750,8 millones el importe de la fabricaci\u00f3n.<\/p>\n<p>Los veh\u00edculos ser\u00e1n tanto el\u00e9ctricos como h\u00edbridos, esto es, capaces de circular tanto con tracci\u00f3n el\u00e9ctrica como di\u00e9sel, con el fin de atender tr\u00e1ficos en trayectos que combinen v\u00edas electrificadas y no electrificadas.<\/p>\n<p>M\u00e1s informaci\u00f3n <strong><span style=\"color: #0000ff;\"><a style=\"color: #0000ff;\" href=\"https:\/\/www.lavanguardia.com\/vida\/20190507\/462101253489\/economiaempresas--renfe-lanza-la-compra-de-105-trenes-regionales-por-1322-millones.html\">La Vanguardia<\/a><\/span><\/strong><\/p>\n","protected":false},"excerpt":{"rendered":"<p>07\/05\/2019.- Cuarto pedido que licita de su plan de compra de trenes MADRID, 7 (EUROPA PRESS) Renfe ha sacado a<\/p>\n","protected":false},"author":4,"featured_media":0,"comment_status":"closed","ping_status":"open","sticky":false,"template":"","format":"standard","meta":{"footnotes":""},"categories":[],"tags":[37,45,72],"class_list":["post-27962","post","type-post","status-publish","format-standard","hentry","tag-espana","tag-regionals-media-distancia","tag-renfe-operadora","comments-off"],"_links":{"self":[{"href":"https:\/\/www.agrupament.cat\/portal\/wp-json\/wp\/v2\/posts\/27962","targetHints":{"allow":["GET"]}}],"collection":[{"href":"https:\/\/www.agrupament.cat\/portal\/wp-json\/wp\/v2\/posts"}],"about":[{"href":"https:\/\/www.agrupament.cat\/portal\/wp-json\/wp\/v2\/types\/post"}],"author":[{"embeddable":true,"href":"https:\/\/www.agrupament.cat\/portal\/wp-json\/wp\/v2\/users\/4"}],"replies":[{"embeddable":true,"href":"https:\/\/www.agrupament.cat\/portal\/wp-json\/wp\/v2\/comments?post=27962"}],"version-history":[{"count":1,"href":"https:\/\/www.agrupament.cat\/portal\/wp-json\/wp\/v2\/posts\/27962\/revisions"}],"predecessor-version":[{"id":27963,"href":"https:\/\/www.agrupament.cat\/portal\/wp-json\/wp\/v2\/posts\/27962\/revisions\/27963"}],"wp:attachment":[{"href":"https:\/\/www.agrupament.cat\/portal\/wp-json\/wp\/v2\/media?parent=27962"}],"wp:term":[{"taxonomy":"category","embeddable":true,"href":"https:\/\/www.agrupament.cat\/portal\/wp-json\/wp\/v2\/categories?post=27962"},{"taxonomy":"post_tag","embeddable":true,"href":"https:\/\/www.agrupament.cat\/portal\/wp-json\/wp\/v2\/tags?post=27962"}],"curies":[{"name":"wp","href":"https:\/\/api.w.org\/{rel}","templated":true}]}}