{"id":27864,"date":"2019-04-19T09:10:36","date_gmt":"2019-04-19T08:10:36","guid":{"rendered":"http:\/\/www.agrupament.cat\/portal\/?p=27864"},"modified":"2019-04-19T09:10:36","modified_gmt":"2019-04-19T08:10:36","slug":"reforc-del-transport-public-per-a-la-diada-de-sant-jordi-a-barcelona","status":"publish","type":"post","link":"https:\/\/www.agrupament.cat\/portal\/2019\/04\/reforc-del-transport-public-per-a-la-diada-de-sant-jordi-a-barcelona\/","title":{"rendered":"Refor\u00e7 del transport p\u00fablic per a la diada de Sant Jordi a Barcelona"},"content":{"rendered":"<p>18 d&#8217;abril del 2019<br \/>\n<strong>TMB recomana l&#8217;\u00fas del metro en els despla\u00e7aments al centre de la ciutat dimarts 23 d\u2019abril<\/strong><\/p>\n<p>Amb motiu de la celebraci\u00f3 de la diada de Sant Jordi a Barcelona, el proper dimarts 23 d\u2019abril Transports Metropolitans de Barcelona (TMB) recomana el metro per als despla\u00e7aments fins als diferents actes que s\u2019organitzen en aquesta tradicional jornada, especialment al centre de la ciutat. El servei es refor\u00e7ar\u00e0 amb m\u00e9s trens entre les 10 i les 21.30 hores i tamb\u00e9 s\u2019ha preparat un desplegament especial de personal i efectius de seguretat a les estacions del sector central de Barcelona.<\/p>\n<p>En aquest sentit, les m\u00faltiples activitats previstes durant la diada provocaran una ocupaci\u00f3 de la via p\u00fablica, sobretot a l\u2019entorn de la pla\u00e7a Catalunya i la Rambla, que afectar\u00e0 la circulaci\u00f3 d\u2019algunes l\u00ednies de bus de TMB en aquesta zona al llarg de tot el dia, en forma de desviaments o limitacions de recorregut.<\/p>\n<p>Per a m\u00e9s informaci\u00f3 sobre les alteracions i recomanacions de transport p\u00fablic es podr\u00e0 consultar l\u2019av\u00eds corresponent a la secci\u00f3 d\u2019estat del servei del web de TMB.<\/p>\n<p><strong>13a edici\u00f3 del Concurs de Relats Curts de TMB<\/strong><br \/>\nPrecisament entre les accions que TMB organitza amb la seva habitual voluntat de participaci\u00f3 en les activitats ciutadanes, enguany cal destacar l\u2019organitzaci\u00f3 del 13\u00e8 Concurs de Relats Curts, una f\u00f3rmula original i participativa perqu\u00e8 els ciutadans s\u2019exercitin en l\u2019escriptura i la lectura.<\/p>\n<p>En aquesta tretzena edici\u00f3 del concurs, que va estar oberta a la participaci\u00f3 del 4 de mar\u00e7 al 9 d\u2019abril, els participants van poder triar entre tres categories: Relat Lliure, TweetRelat i Instarelat. Ja tenim les hist\u00f2ries finalistes de les tres seccions i els guanyadors es coneixeran en un acte que tindr\u00e0 lloc el proper 25 d\u2019abril.<\/p>\n<p>La iniciativa es fa amb la col\u00b7laboraci\u00f3 de Marvel Studios, l\u2019Institut de Cultura de Barcelona, a trav\u00e9s dels programes Grec Festival de Barcelona, i tamb\u00e9 l\u2019Escola d\u2019Escriptura de l\u2019Ateneu Barcelon\u00e8s.<\/p>\n<p>El guanyador al millor relat lliure s\u2019endur\u00e0 un viatge a Las Vegas i hi ha altres premis relacionats amb la literatura, com e-books, lots de llibres, inscripcions a cursos d\u2019escriptura de l\u2019Escola d\u2019Escriptura de l\u2019Ateneu Barcelon\u00e8s i invitacions per al Grec Festival 2019.<br \/>\nEnguany, la 13a edici\u00f3 del concurs ha rebut 1.111 hist\u00f2ries en la categoria de Relat Lliure, 434 TweetRelats i 78 participacions a Instagram.<\/p>\n<p><strong>Un drac es passejar\u00e0 pels transports de TMB<\/strong><br \/>\nCom a novetat, enguany, la diada de Sant Jordi es viur\u00e0 a les xarxes de metro i autobusos de TMB. Es repartiran punts de llibre entre els usuaris i un drac es passejar\u00e0 per les instal\u00b7lacions al llarg del dia, entregant petits obsequis als usuaris. Les persones que es trobin amb el drac poden fer-se fotografies i compartir-les a les xarxes socials amb l\u2019etiqueta #SantJordiTMB.<\/p>\n","protected":false},"excerpt":{"rendered":"<p>18 d&#8217;abril del 2019 TMB recomana l&#8217;\u00fas del metro en els despla\u00e7aments al centre de la ciutat dimarts 23 d\u2019abril<\/p>\n","protected":false},"author":4,"featured_media":27865,"comment_status":"closed","ping_status":"open","sticky":false,"template":"","format":"standard","meta":{"footnotes":""},"categories":[],"tags":[25,35,111,225,56],"class_list":["post-27864","post","type-post","status-publish","format-standard","has-post-thumbnail","hentry","tag-actes-congrtesosi-exposicions-fires-i-formacio","tag-barcelona","tag-bus","tag-metro","tag-metro-barcelona-tmb","comments-off"],"_links":{"self":[{"href":"https:\/\/www.agrupament.cat\/portal\/wp-json\/wp\/v2\/posts\/27864","targetHints":{"allow":["GET"]}}],"collection":[{"href":"https:\/\/www.agrupament.cat\/portal\/wp-json\/wp\/v2\/posts"}],"about":[{"href":"https:\/\/www.agrupament.cat\/portal\/wp-json\/wp\/v2\/types\/post"}],"author":[{"embeddable":true,"href":"https:\/\/www.agrupament.cat\/portal\/wp-json\/wp\/v2\/users\/4"}],"replies":[{"embeddable":true,"href":"https:\/\/www.agrupament.cat\/portal\/wp-json\/wp\/v2\/comments?post=27864"}],"version-history":[{"count":1,"href":"https:\/\/www.agrupament.cat\/portal\/wp-json\/wp\/v2\/posts\/27864\/revisions"}],"predecessor-version":[{"id":27866,"href":"https:\/\/www.agrupament.cat\/portal\/wp-json\/wp\/v2\/posts\/27864\/revisions\/27866"}],"wp:featuredmedia":[{"embeddable":true,"href":"https:\/\/www.agrupament.cat\/portal\/wp-json\/wp\/v2\/media\/27865"}],"wp:attachment":[{"href":"https:\/\/www.agrupament.cat\/portal\/wp-json\/wp\/v2\/media?parent=27864"}],"wp:term":[{"taxonomy":"category","embeddable":true,"href":"https:\/\/www.agrupament.cat\/portal\/wp-json\/wp\/v2\/categories?post=27864"},{"taxonomy":"post_tag","embeddable":true,"href":"https:\/\/www.agrupament.cat\/portal\/wp-json\/wp\/v2\/tags?post=27864"}],"curies":[{"name":"wp","href":"https:\/\/api.w.org\/{rel}","templated":true}]}}