{"id":27793,"date":"2019-04-12T10:30:58","date_gmt":"2019-04-12T09:30:58","guid":{"rendered":"http:\/\/www.agrupament.cat\/portal\/?p=27793"},"modified":"2019-04-16T08:51:09","modified_gmt":"2019-04-16T07:51:09","slug":"sense-servei-lestacio-de-verneda-de-la-linia-2-de-metro-durant-quatre-dies-de-setmana-santa-per-obres","status":"publish","type":"post","link":"https:\/\/www.agrupament.cat\/portal\/2019\/04\/sense-servei-lestacio-de-verneda-de-la-linia-2-de-metro-durant-quatre-dies-de-setmana-santa-per-obres\/","title":{"rendered":"Sense servei l\u2019estaci\u00f3 de Verneda de la l\u00ednia 2 de metro durant quatre dies de Setmana Santa, per obres"},"content":{"rendered":"<p>11 d&#8217;abril del 2019<br \/>\n<strong>Estar\u00e0 tancada del 19 al 22 d\u2019abril, mentre s\u2019hi executa la retirada controlada de les planxes de fibrociment que recobreixen interiorment la nau d\u2019andanes<\/strong><\/p>\n<p>El servei a la l\u00ednia 2 del metro de Barcelona quedar\u00e0 interromput parcialment durant els quatre dies festius d\u2019aquesta Setmana Santa com a conseq\u00fc\u00e8ncia d\u2019una actuaci\u00f3 de desamiantatge que dur\u00e0 a terme Transports Metropolitans de Barcelona (TMB) a l\u2019estaci\u00f3 de Verneda.<\/p>\n<p>Des del divendres vinent, 19 d\u2019abril, fins al dilluns 22 d\u2019abril (tots dos inclosos), l\u2019estaci\u00f3 estar\u00e0 tancada i els trens no hi podran circular. Aix\u00f2 far\u00e0 que la l\u00ednia 2 quedi dividida en dues parts, de manera que funcionar\u00e0 de Paral\u00b7lel a La Pau d\u2019una banda, i d\u2019Artigues \/ Sant Adri\u00e0 a Badalona Pompeu Fabra, de l\u2019altra, minimitzant l\u2019afectaci\u00f3 i quedant sense servei nom\u00e9s l\u2019estaci\u00f3 on es realitzaran les obres.<\/p>\n<p>La suspensi\u00f3 del servei durant quatre dies permetr\u00e0 executar obres de millora que s\u00f3n incompatibles amb la circulaci\u00f3 de trens. L\u2019actuaci\u00f3 consistir\u00e0 en la retirada controlada i segura, a c\u00e0rrec d\u2019una empresa acreditada, d\u2019uns 900 metres quadrats de planxes de fibrociment (barreja de ciment i fibres d\u2019amiant, que no es desprenen si no es manipulen o trossegen) de l\u2019interior de la volta de l\u2019estaci\u00f3 de Verneda, aix\u00ed com els seus elements de fixaci\u00f3. Al seu lloc, es muntaran planxes de policarbonat als llocs on sigui necessari per canalitzar possibles filtracions. Al finalitzar les feines i abans de la reobertura de l\u2019estaci\u00f3, prevista per al dimarts 23 a les 5 del mat\u00ed, es realitzaran anal\u00edtiques ambientals per comprovar que no existeix contaminaci\u00f3 a l\u2019aire.<\/p>\n<p><strong>Inspeccions i encapsulament<\/strong><br \/>\nL\u2019estaci\u00f3 de Verneda data del 1985, \u00e8poca en qu\u00e8 el fibrociment era un element utilitzat legalment en la construcci\u00f3 per les seves propietats a\u00efllants. Al llarg dels anys els t\u00e8cnics de Metro han inspeccionat regularment la coberta interior de l\u2019estaci\u00f3 i hi han fet actuacions de manteniment, fins que el 2018 se\u2019n va comen\u00e7ar a planificar la retirada definitiva.<\/p>\n<p><strong>Dies de baixa mobilitat<\/strong><br \/>\nLa necess\u00e0ria interrupci\u00f3 del servei en aquest sector de la l\u00ednia 2 s\u2019ha fixat en uns dies festius, de baixa mobilitat urbana, amb la voluntat de minimitzar les afectacions als ciutadans.<\/p>\n<p>Com a alternatives, els usuaris poden fer servir la l\u00ednia de bus H10 (Pl. Sants &#8211; Ol\u00edmpic de Badalona), que es refor\u00e7ar\u00e0, i la resta de transports p\u00fablics de la zona: l\u2019estaci\u00f3 de metro de La Pau de la L2 i la L4, la L10 entre Gorg i La Sagrera, la l\u00ednia de bus V33 (F\u00f2rum Campus Bes\u00f2s &#8211; Santa Coloma), la l\u00ednia R1 de Rodalies entre Badalona i El Clot Arag\u00f3 i la l\u00ednia T5 del tramvia entre Gorg o Sant Roc i Can Jaumandreu.<\/p>\n<p>Per a m\u00e9s informaci\u00f3 es pot consultar l\u2019av\u00eds corresponent a la secci\u00f3 <a href=\"https:\/\/www.tmb.cat\/ca\/transport-barcelona\/servei-metro-bus\"><strong><span style=\"color: #ff6600;\">d\u2019estat<\/span> <span style=\"color: #ff6600;\">del servei del web de TMB.<\/span><\/strong><\/a><\/p>\n","protected":false},"excerpt":{"rendered":"<p>11 d&#8217;abril del 2019 Estar\u00e0 tancada del 19 al 22 d\u2019abril, mentre s\u2019hi executa la retirada controlada de les planxes<\/p>\n","protected":false},"author":4,"featured_media":27810,"comment_status":"closed","ping_status":"open","sticky":false,"template":"","format":"standard","meta":{"footnotes":""},"categories":[],"tags":[17,767,35,43,125,225,56],"class_list":["post-27793","post","type-post","status-publish","format-standard","has-post-thumbnail","hentry","tag-afectacions-e-incidencies","tag-amiant","tag-barcelona","tag-estacions","tag-l02-parallel-badalona-pompeu-fabra","tag-metro","tag-metro-barcelona-tmb","comments-off"],"_links":{"self":[{"href":"https:\/\/www.agrupament.cat\/portal\/wp-json\/wp\/v2\/posts\/27793","targetHints":{"allow":["GET"]}}],"collection":[{"href":"https:\/\/www.agrupament.cat\/portal\/wp-json\/wp\/v2\/posts"}],"about":[{"href":"https:\/\/www.agrupament.cat\/portal\/wp-json\/wp\/v2\/types\/post"}],"author":[{"embeddable":true,"href":"https:\/\/www.agrupament.cat\/portal\/wp-json\/wp\/v2\/users\/4"}],"replies":[{"embeddable":true,"href":"https:\/\/www.agrupament.cat\/portal\/wp-json\/wp\/v2\/comments?post=27793"}],"version-history":[{"count":1,"href":"https:\/\/www.agrupament.cat\/portal\/wp-json\/wp\/v2\/posts\/27793\/revisions"}],"predecessor-version":[{"id":27794,"href":"https:\/\/www.agrupament.cat\/portal\/wp-json\/wp\/v2\/posts\/27793\/revisions\/27794"}],"wp:featuredmedia":[{"embeddable":true,"href":"https:\/\/www.agrupament.cat\/portal\/wp-json\/wp\/v2\/media\/27810"}],"wp:attachment":[{"href":"https:\/\/www.agrupament.cat\/portal\/wp-json\/wp\/v2\/media?parent=27793"}],"wp:term":[{"taxonomy":"category","embeddable":true,"href":"https:\/\/www.agrupament.cat\/portal\/wp-json\/wp\/v2\/categories?post=27793"},{"taxonomy":"post_tag","embeddable":true,"href":"https:\/\/www.agrupament.cat\/portal\/wp-json\/wp\/v2\/tags?post=27793"}],"curies":[{"name":"wp","href":"https:\/\/api.w.org\/{rel}","templated":true}]}}