{"id":27694,"date":"2019-02-19T08:00:27","date_gmt":"2019-02-19T07:00:27","guid":{"rendered":"http:\/\/www.agrupament.cat\/portal\/?p=27694"},"modified":"2019-02-24T18:01:22","modified_gmt":"2019-02-24T17:01:22","slug":"el-gsma-mobile-world-congress-es-celebra-entre-el-25-i-el-28-de-febrer-a-barcelona","status":"publish","type":"post","link":"https:\/\/www.agrupament.cat\/portal\/2019\/02\/el-gsma-mobile-world-congress-es-celebra-entre-el-25-i-el-28-de-febrer-a-barcelona\/","title":{"rendered":"El GSMA Mobile World Congress es celebra entre el 25 i el 28 de febrer a Barcelona"},"content":{"rendered":"<p><strong>Renfe incrementa els seus trens AVE Madrid-Barcelona amb 17.000 places addicionals amb motiu del Mobile World Congress<\/strong><\/p>\n<p>\u00b7 Els assistents al Mobile World Congress poden gaudir d\u2019un 35% des descompte<\/p>\n<p>Barcelona, 18 de febrer de 2019-(Renfe)<br \/>\nAmb motiu de la celebraci\u00f3 del GSMA Mobile World Congress a Barcelona, Renfe refor\u00e7ar\u00e0 els seus serveis AVE Madrid-Barcelona amb 17.000 places addicionals entre el 25 de febrer i 2 de mar\u00e7.<\/p>\n<p>Els assistents a aquesta cita internacional del m\u00f3n de la telefonia m\u00f2bil, podran gaudir d\u2019un descompte del 35% en els seus despla\u00e7aments fins la Ciutat Comtal, des de qualsevols estaci\u00f3 d\u2019Ave i Llarga Dist\u00e0ncia.<\/p>\n<p>Aquests bitllets AVE permeten la utilitzaci\u00f3 del serveis de rodalia tant a Barcelona com a Madrid. Di\u00e0riament, 28 trens Ave connecten Barcelona i Madrid en un temps de viatge a partir de 2 hores i 30 minuts.<\/p>\n<p>Per la compra de bitllets d\u2019Ave i Llarga Dist\u00e0ncia, els clients poden dirigir-se al portal web renfe.com i a trav\u00e9s de l\u2019aplicaci\u00f3 per a dispositius m\u00f2bils Renfe Ticket, aix\u00ed com als canals de venda habituals a taquilles i al tel\u00e8fon 912 320 320.<\/p>\n","protected":false},"excerpt":{"rendered":"<p>Renfe incrementa els seus trens AVE Madrid-Barcelona amb 17.000 places addicionals amb motiu del Mobile World Congress \u00b7 Els assistents<\/p>\n","protected":false},"author":4,"featured_media":0,"comment_status":"closed","ping_status":"open","sticky":false,"template":"","format":"standard","meta":{"footnotes":""},"categories":[],"tags":[25,41,305,424,563,72,68],"class_list":["post-27694","post","type-post","status-publish","format-standard","hentry","tag-actes-congrtesosi-exposicions-fires-i-formacio","tag-ave","tag-barcelona-sants","tag-madrid-puerta-de-atocha","tag-reforc-del-servei","tag-renfe-operadora","tag-tarifes","comments-off"],"_links":{"self":[{"href":"https:\/\/www.agrupament.cat\/portal\/wp-json\/wp\/v2\/posts\/27694","targetHints":{"allow":["GET"]}}],"collection":[{"href":"https:\/\/www.agrupament.cat\/portal\/wp-json\/wp\/v2\/posts"}],"about":[{"href":"https:\/\/www.agrupament.cat\/portal\/wp-json\/wp\/v2\/types\/post"}],"author":[{"embeddable":true,"href":"https:\/\/www.agrupament.cat\/portal\/wp-json\/wp\/v2\/users\/4"}],"replies":[{"embeddable":true,"href":"https:\/\/www.agrupament.cat\/portal\/wp-json\/wp\/v2\/comments?post=27694"}],"version-history":[{"count":1,"href":"https:\/\/www.agrupament.cat\/portal\/wp-json\/wp\/v2\/posts\/27694\/revisions"}],"predecessor-version":[{"id":27695,"href":"https:\/\/www.agrupament.cat\/portal\/wp-json\/wp\/v2\/posts\/27694\/revisions\/27695"}],"wp:attachment":[{"href":"https:\/\/www.agrupament.cat\/portal\/wp-json\/wp\/v2\/media?parent=27694"}],"wp:term":[{"taxonomy":"category","embeddable":true,"href":"https:\/\/www.agrupament.cat\/portal\/wp-json\/wp\/v2\/categories?post=27694"},{"taxonomy":"post_tag","embeddable":true,"href":"https:\/\/www.agrupament.cat\/portal\/wp-json\/wp\/v2\/tags?post=27694"}],"curies":[{"name":"wp","href":"https:\/\/api.w.org\/{rel}","templated":true}]}}