{"id":27692,"date":"2019-02-20T08:00:26","date_gmt":"2019-02-20T07:00:26","guid":{"rendered":"http:\/\/www.agrupament.cat\/portal\/?p=27692"},"modified":"2019-02-24T17:56:30","modified_gmt":"2019-02-24T16:56:30","slug":"renfe-sncf-en-cooperacion-llanca-una-campanya-per-viatjar-a-franca-des-de-25-euros-2","status":"publish","type":"post","link":"https:\/\/www.agrupament.cat\/portal\/2019\/02\/renfe-sncf-en-cooperacion-llanca-una-campanya-per-viatjar-a-franca-des-de-25-euros-2\/","title":{"rendered":"Renfe-SNCF en Cooperaci\u00f3n llan\u00e7a una campanya per viatjar a Fran\u00e7a des de 25 euros"},"content":{"rendered":"<p>Aquests bitllets es podran comprar fins el 25 de febrer<br \/>\n<strong>\u00b7 La promoci\u00f3 permetr\u00e0 viatjar entre el 4 de mar\u00e7 i el 2 de juny en els trens d\u2019Alta Velocitat a Fran\u00e7a<\/strong><\/p>\n<p>Barcelona, 19 de febrer de 2019<br \/>\nRenfe-SNCF en Cooperaci\u00f3n ha posat en marxa una campanya promocional per viatjar aquesta primavera a Fran\u00e7a en els trens d\u2019Alta Velocitat. Aquesta campanya est\u00e0 disponible fins el 25 de febrer i permet viatjar a Fran\u00e7a des de 25 euros entre l\u20191 de mar\u00e7 i el 6 de maig en els trens d&#8217;Alta Velocitat que connecten amb el pa\u00eds ve\u00ed.<\/p>\n<p>Aquests preus promocionals estaran disponibles des de Barcelona, Girona o Figueres a partir de 25 euros, en classe Turista, a les ciutats de Nimes i Montpeller i des de 29 euros a les ciutats de Par\u00eds, Li\u00f3, Valence, Marsella, Aviny\u00f3 o Aix-en-Provence o b\u00e9, des de 40 i 44 euros respectivament per aquelles persones que vulguin viatjar en classe Preferent.<\/p>\n<p>Des de Tarragona \u00e9s possible connectar amb Nimes, Montpellier, Aviny\u00f3, Aix-en-Provence i Marsella a partir de 34 euros i en Preferent, des de 49 euros.<\/p>\n<p><strong>Preus promocionals per Carcassona i Toulouse<\/strong><br \/>\nAquesta campanya tamb\u00e9 est\u00e0 disponible per les connexions que enllacen amb Carcassona i Toulouse i que recuperen la seva freq\u00fc\u00e8ncia di\u00e0ria a partir del 31 de mar\u00e7. A aquestes destinacions, i durant el per\u00edode de vig\u00e8ncia de la promoci\u00f3, Renfe-SNCF en Cooperaci\u00f3n permetr\u00e0 viatjar a partir de 25 euros en classe Turista i 40 euros en Preferent. El tren Barcelona-Toulouse connecta aquestes dues ciutats a partir de 2hores 30 minuts a Carcassona i a partir de 3 hores i 15 minuts a la ciutat de Toulouse.<\/p>\n<p>Per accedir a tots aquests preus promocionals per viatjar a Fran\u00e7a, els viatgers podran comprar a trav\u00e9s dels canals habituals de venda renfe.com, estacions i ag\u00e8ncies de viatge.<\/p>\n","protected":false},"excerpt":{"rendered":"<p>Aquests bitllets es podran comprar fins el 25 de febrer \u00b7 La promoci\u00f3 permetr\u00e0 viatjar entre el 4 de mar\u00e7<\/p>\n","protected":false},"author":4,"featured_media":0,"comment_status":"closed","ping_status":"open","sticky":false,"template":"","format":"standard","meta":{"footnotes":""},"categories":[],"tags":[35,214,34,509,68],"class_list":["post-27692","post","type-post","status-publish","format-standard","hentry","tag-barcelona","tag-figueres","tag-girona","tag-renfe-sncf-en-cooperacion-en-cooperation","tag-tarifes","comments-off"],"_links":{"self":[{"href":"https:\/\/www.agrupament.cat\/portal\/wp-json\/wp\/v2\/posts\/27692","targetHints":{"allow":["GET"]}}],"collection":[{"href":"https:\/\/www.agrupament.cat\/portal\/wp-json\/wp\/v2\/posts"}],"about":[{"href":"https:\/\/www.agrupament.cat\/portal\/wp-json\/wp\/v2\/types\/post"}],"author":[{"embeddable":true,"href":"https:\/\/www.agrupament.cat\/portal\/wp-json\/wp\/v2\/users\/4"}],"replies":[{"embeddable":true,"href":"https:\/\/www.agrupament.cat\/portal\/wp-json\/wp\/v2\/comments?post=27692"}],"version-history":[{"count":1,"href":"https:\/\/www.agrupament.cat\/portal\/wp-json\/wp\/v2\/posts\/27692\/revisions"}],"predecessor-version":[{"id":27693,"href":"https:\/\/www.agrupament.cat\/portal\/wp-json\/wp\/v2\/posts\/27692\/revisions\/27693"}],"wp:attachment":[{"href":"https:\/\/www.agrupament.cat\/portal\/wp-json\/wp\/v2\/media?parent=27692"}],"wp:term":[{"taxonomy":"category","embeddable":true,"href":"https:\/\/www.agrupament.cat\/portal\/wp-json\/wp\/v2\/categories?post=27692"},{"taxonomy":"post_tag","embeddable":true,"href":"https:\/\/www.agrupament.cat\/portal\/wp-json\/wp\/v2\/tags?post=27692"}],"curies":[{"name":"wp","href":"https:\/\/api.w.org\/{rel}","templated":true}]}}