{"id":27639,"date":"2019-02-13T12:47:06","date_gmt":"2019-02-13T11:47:06","guid":{"rendered":"http:\/\/www.agrupament.cat\/portal\/?p=27639"},"modified":"2019-02-13T12:47:06","modified_gmt":"2019-02-13T11:47:06","slug":"adif-licita-las-obras-de-renovacion-integral-de-la-catenaria-en-el-tramo-macanet-caldes-de-malavella","status":"publish","type":"post","link":"https:\/\/www.agrupament.cat\/portal\/2019\/02\/adif-licita-las-obras-de-renovacion-integral-de-la-catenaria-en-el-tramo-macanet-caldes-de-malavella\/","title":{"rendered":"Adif licita las obras de renovaci\u00f3n integral de la catenaria en el tramo Ma\u00e7anet-Caldes de Malavella"},"content":{"rendered":"<p>Nuevas actuaciones de mejora en la red ferroviaria de ancho convencional en Catalu\u00f1a<br \/>\n<strong>\u2022 Con un presupuesto de casi 5,3 millones de euros IVA incluido, se instalar\u00e1n nuevos equipos para garantizar los \u00f3ptimos par\u00e1metros de seguridad y fiabilidad del sistema de electrificaci\u00f3n<\/strong><\/p>\n<p>12\/02\/2019. Adif ha aprobado la licitaci\u00f3n del contrato de obras de renovaci\u00f3n integral de la catenaria en el tramo Ma\u00e7anet-Caldes de Malavella, de la l\u00ednea de ancho convencional Barcelona-Girona-Portbou, con un presupuesto de 5.270.116,3 euros (IVA incluido).<\/p>\n<p>Este contrato, que se une a las obras actualmente en ejecuci\u00f3n para la renovaci\u00f3n integral de v\u00eda en este mismo trayecto, se enmarca en el conjunto de actuaciones impulsadas por Adif para la mejora de la red de ancho convencional en Catalu\u00f1a.<\/p>\n<p>El objetivo es modernizar la l\u00ednea a\u00e9rea de contacto para optimizar los par\u00e1metros de seguridad y fiabilidad del sistema de electrificaci\u00f3n, esencial para la correcta prestaci\u00f3n del servicio ferroviario al transmitir a los trenes la corriente el\u00e9ctrica.<\/p>\n<p>Los trabajos de renovaci\u00f3n integral de la catenaria tambi\u00e9n redundar\u00e1n en una mejora de la velocidad comercial de los trenes, reduciendo la probabi-lidad de incidencias vinculadas a este elemento y las necesidades de mante-nimiento, lo que contribuir\u00e1 a ofrecer una explotaci\u00f3n del servicio con mayores \u00edndices de calidad y eficacia en un tramo que registra una elevada densidad de circulaciones.<\/p>\n<p>Las obras, con un plazo de ejecuci\u00f3n estimado de 24 meses, comprender\u00e1n la instalaci\u00f3n de nuevo hilo de contacto a 3.000 voltios en corriente continua.<\/p>\n<p>Tambi\u00e9n se colocar\u00e1n nuevos elementos asociados a la catenaria, como equipos de compensaci\u00f3n, conductores, sustentadores, pendolados, atirantados, m\u00e9nsulas o seccionamientos.<\/p>\n<p>De forma paralela, se ejecutar\u00e1n otros trabajos de obra civil como macizos de hormig\u00f3n para los nuevos postes del sistema que se instalar\u00e1n.<\/p>\n","protected":false},"excerpt":{"rendered":"<p>Nuevas actuaciones de mejora en la red ferroviaria de ancho convencional en Catalu\u00f1a \u2022 Con un presupuesto de casi 5,3<\/p>\n","protected":false},"author":4,"featured_media":0,"comment_status":"closed","ping_status":"open","sticky":false,"template":"","format":"standard","meta":{"footnotes":""},"categories":[],"tags":[71,640,19,248],"class_list":["post-27639","post","type-post","status-publish","format-standard","hentry","tag-adif","tag-caldes-de-malavella","tag-infraestructures","tag-macanet","comments-off"],"_links":{"self":[{"href":"https:\/\/www.agrupament.cat\/portal\/wp-json\/wp\/v2\/posts\/27639","targetHints":{"allow":["GET"]}}],"collection":[{"href":"https:\/\/www.agrupament.cat\/portal\/wp-json\/wp\/v2\/posts"}],"about":[{"href":"https:\/\/www.agrupament.cat\/portal\/wp-json\/wp\/v2\/types\/post"}],"author":[{"embeddable":true,"href":"https:\/\/www.agrupament.cat\/portal\/wp-json\/wp\/v2\/users\/4"}],"replies":[{"embeddable":true,"href":"https:\/\/www.agrupament.cat\/portal\/wp-json\/wp\/v2\/comments?post=27639"}],"version-history":[{"count":1,"href":"https:\/\/www.agrupament.cat\/portal\/wp-json\/wp\/v2\/posts\/27639\/revisions"}],"predecessor-version":[{"id":27640,"href":"https:\/\/www.agrupament.cat\/portal\/wp-json\/wp\/v2\/posts\/27639\/revisions\/27640"}],"wp:attachment":[{"href":"https:\/\/www.agrupament.cat\/portal\/wp-json\/wp\/v2\/media?parent=27639"}],"wp:term":[{"taxonomy":"category","embeddable":true,"href":"https:\/\/www.agrupament.cat\/portal\/wp-json\/wp\/v2\/categories?post=27639"},{"taxonomy":"post_tag","embeddable":true,"href":"https:\/\/www.agrupament.cat\/portal\/wp-json\/wp\/v2\/tags?post=27639"}],"curies":[{"name":"wp","href":"https:\/\/api.w.org\/{rel}","templated":true}]}}