{"id":27625,"date":"2019-02-09T12:50:59","date_gmt":"2019-02-09T11:50:59","guid":{"rendered":"http:\/\/www.agrupament.cat\/portal\/?p=27625"},"modified":"2019-02-09T12:50:59","modified_gmt":"2019-02-09T11:50:59","slug":"renfe-col%e2%80%a2labora-amb-la-mitja-marato-de-barcelona","status":"publish","type":"post","link":"https:\/\/www.agrupament.cat\/portal\/2019\/02\/renfe-col%e2%80%a2labora-amb-la-mitja-marato-de-barcelona\/","title":{"rendered":"Renfe col\u2022labora amb la Mitja Marat\u00f3 de Barcelona"},"content":{"rendered":"<p>Rodalies de Catalunya col\u2022labora amb la Mitja Marat\u00f3 de Barcelona<br \/>\n<strong>\u00b7 Aquest mes de febrer Rodalies tamb\u00e9 col\u00b7labora amb la Maratest d\u2019El Prat de Llobregat i La Mitja de Granollers<\/strong><br \/>\n<strong>\u00b7 Els participants podran obtenir un bitllet d\u2019anada i tornada per l\u201911 de febrer fins a Barcelona Sants, Arc de Triomf, Pla\u00e7a Catalunya o Estaci\u00f3 de Fran\u00e7a<\/strong><\/p>\n<p>Barcelona, 9 de febrer de 2019 (Renfe).<br \/>\nRodalies de Catalunya col\u2022labora amb la Mitja Marat\u00f3 de Barcelona que es celebra aquest diumenge 11 de febrer a la Ciutat Comtal. Un any m\u00e9s, Renfe i l\u2019organitzaci\u00f3 de la prova han arribat a un acord que permetr\u00e0 bescanviar el tiquet comprovant de l\u2019organitzaci\u00f3, per un bitllet gratu\u00eft d\u2019anada i tornada fins a Barcelona, v\u00e0lid fins les estacions de Barcelona.<\/p>\n<p>A m\u00e9s d\u2019aquesta prova atl\u00e8tica a la Ciutat Comtal, durant el mes de febrer Rodalies de Catalunya tamb\u00e9 col\u00b7labora amb la celebraci\u00f3 amb la Mitja Marat\u00f3 del Prat de Llobregat que es celebra el 15 de febrer i La Mitja de Granollers que es celebra a la capital del Vall\u00e8s Oriental el diumenge 24 de febrer.<\/p>\n<table style=\"height: 138px;\">\n<tbody>\n<tr style=\"height: 23px;\">\n<td style=\"height: 23px; width: 205.6px;\"><strong>Diumenge 10 de febrer<\/strong><\/td>\n<td style=\"height: 23px; width: 176.8px;\"><strong>Diumenge 17 de febrer<\/strong><\/td>\n<td style=\"height: 23px; width: 177.6px;\"><strong>Diumenge 24 de febrer<\/strong><\/td>\n<\/tr>\n<tr style=\"height: 23px;\">\n<td style=\"height: 23px; width: 205.6px;\">Barcelona<\/td>\n<td style=\"height: 23px; width: 176.8px;\">El Prat de Llobregat<\/td>\n<td style=\"height: 23px; width: 177.6px;\">Granollers<\/td>\n<\/tr>\n<tr style=\"height: 23px;\">\n<td style=\"height: 23px; width: 571.2px; text-align: center;\" colspan=\"3\"><strong>Estaci\u00f3 m\u00e9s propera<\/strong><\/td>\n<\/tr>\n<tr style=\"height: 23px;\">\n<td style=\"height: 23px; width: 205.6px; text-align: center;\">Arc de Triomf<\/td>\n<td style=\"height: 23px; width: 176.8px; text-align: center;\">El Prat de Llobregat<\/td>\n<td style=\"height: 23px; width: 177.6px; text-align: center;\">Granollers Centre<\/td>\n<\/tr>\n<tr style=\"height: 23px;\">\n<td style=\"height: 23px; width: 205.6px; text-align: center;\">Barelona Estaci\u00f3 de Fran\u00e7a<\/td>\n<td style=\"height: 23px; width: 176.8px; text-align: center;\"><\/td>\n<td style=\"height: 23px; width: 177.6px; text-align: center;\">Granollers Canovelles<\/td>\n<\/tr>\n<tr style=\"height: 23px;\">\n<td style=\"height: 23px; width: 205.6px; text-align: center;\" colspan=\"3\"><strong>Lineas de Rodalies<\/strong><\/td>\n<\/tr>\n<tr>\n<td style=\"width: 205.6px; text-align: center;\">Totes les l\u00edneas<\/td>\n<td style=\"width: 176.8px; text-align: center;\">R2 Sud i R2 Nord<\/td>\n<td style=\"width: 177.6px; text-align: center;\">R2 Nord i R3<\/td>\n<\/tr>\n<\/tbody>\n<\/table>\n<p>Per gaudir d\u2019aquest bitllet, els participants hauran de presentar el tiquet que l\u2019organitzaci\u00f3 a la taquilla de qualsevol de les estacions del servei de rodalia de Barcelona el mateix dia de la prova atel\u00e8tica abans de l\u2019inici de la cursa.<\/p>\n<p><a href=\"https:\/\/edreamsmitjabarcelona.com\/inscripcion\/\"><span style=\"color: #3366ff;\"><strong>Mitja Marat\u00f3 de Barcelona<\/strong><\/span><\/a><br \/>\nLa cursa del proper diumenge a Barcelona tindr\u00e0 la sortida a les 8.45h al Passeig Pujades (al Parc de la Ciutadella) i recorrer\u00e0 els carrers de la de la Ciutat Comtal fins a finalitzar novament a al Parc de la Ciutadella.<\/p>\n<p>La sortida de la prova atl\u00e8tica, situada a pocs metres de l\u2019estaci\u00f3 de Barcelona Estaci\u00f3 de Fran\u00e7a, parada dels trens de la l\u00ednia R2 sud i dels trens regionals de les l\u00ednies R13, R14, R15 i R16; i tamb\u00e9 de l\u2019estaci\u00f3 d\u2019Arc de Triomf on es d\u00f3na servei de les l\u00ednies R1, R3, R4 i R12 del servei de rodalia de Barcelona, converteixen els trens de Rodalies de Catalunya en el mitj\u00e0 de transport idoni per als despla\u00e7aments dels esportistes fins a Barcelona per participar a la cursa.<\/p>\n<p><strong><span style=\"color: #00ccff;\"><a style=\"color: #00ccff;\" href=\"http:\/\/maratest.com\/ca\/home\/\">Maratest d\u2019El Prat<\/a><\/span><\/strong><br \/>\nLa cursa Maratest d\u2019El Prat de Llobregat tindr\u00e0 sortida a les 9.00 hores del diumenge 17 de febrer, des de la carretera de la Platja i recorrer\u00e0 el terme municipal al llarg de 30 o 15 quil\u00f2metres, depenen de la modalitat triada, tot combinant carreteres asfaltades i camins adaptats.<\/p>\n<p>Els participants podran despla\u00e7ar-se fins a El Prat de Llobregat en els trens de la l\u00ednia R2 sud de Rodalies que ofereix quatre trens per hora, amb un temps de viatge de 15 minuts des de l\u2019estaci\u00f3 de Barcelona.<\/p>\n<p><strong><span style=\"color: #cc99ff;\"><a style=\"color: #cc99ff;\" href=\"https:\/\/www.lamitja.cat\/tag\/2019\/\">La mitja de Granollers<\/a><\/span><\/strong><br \/>\nLa cursa tindr\u00e0 el seu inici i final a Granollers, prop de l\u2019estaci\u00f3 de Granollers Centre, i passar\u00e0 per Les Franqueses i La Garriga, per aquest motiu, els trens de les l\u00ednies R2 i R3 de Rodalies es converteixen en el mitj\u00e0 de transport idoni pel despla\u00e7ament dels esportistes fins la capital del Vall\u00e8s. En aquesta relaci\u00f3, els viatgers disposen de tres trens per hora i sentit, amb un temps de viatge d\u2019entre 30 i 40 minuts des de l\u2019estaci\u00f3 de Barcelona Sants.<\/p>\n<p>Rodalies de Catalunya, en el seu comprom\u00eds amb el foment de l\u2019esport i el transport p\u00fablic, col\u00b7labora amb m\u00e9s d\u2019una vintena de curses atl\u00e8tiques durant tota la temporada, facilitant als participants a les curses el seu trasllat en tren fins a lloc de la prova atl\u00e8tica el dia de la competici\u00f3.<\/p>\n<p>Per a m\u00e9s informaci\u00f3 dels serveis i horaris, els interessats poden dirigir-se a les estacions del serveis de rodalia de Barcelona, als tel\u00e8fons <strong><span style=\"color: #ff6600;\">900 41 00 41<\/span><\/strong> i al web <strong><span style=\"color: #ff6600;\"><a style=\"color: #ff6600;\" href=\"http:\/\/rodalies.gencat.cat\/ca\/inici\/\">rodaliesdecatalunya.cat<\/a><\/span><\/strong> aix\u00ed com a l\u2019aplicaci\u00f3 per a dispositius m\u00f2bils de Rodalies de Catalunya i Renfe Cercan\u00edas.<\/p>\n","protected":false},"excerpt":{"rendered":"<p>Rodalies de Catalunya col\u2022labora amb la Mitja Marat\u00f3 de Barcelona \u00b7 Aquest mes de febrer Rodalies tamb\u00e9 col\u00b7labora amb la<\/p>\n","protected":false},"author":4,"featured_media":0,"comment_status":"closed","ping_status":"open","sticky":false,"template":"","format":"standard","meta":{"footnotes":""},"categories":[],"tags":[25,35,508,454,44],"class_list":["post-27625","post","type-post","status-publish","format-standard","hentry","tag-actes-congrtesosi-exposicions-fires-i-formacio","tag-barcelona","tag-el-prat-de-llobregat","tag-mataro","tag-rodalies-cercanias","comments-off"],"_links":{"self":[{"href":"https:\/\/www.agrupament.cat\/portal\/wp-json\/wp\/v2\/posts\/27625","targetHints":{"allow":["GET"]}}],"collection":[{"href":"https:\/\/www.agrupament.cat\/portal\/wp-json\/wp\/v2\/posts"}],"about":[{"href":"https:\/\/www.agrupament.cat\/portal\/wp-json\/wp\/v2\/types\/post"}],"author":[{"embeddable":true,"href":"https:\/\/www.agrupament.cat\/portal\/wp-json\/wp\/v2\/users\/4"}],"replies":[{"embeddable":true,"href":"https:\/\/www.agrupament.cat\/portal\/wp-json\/wp\/v2\/comments?post=27625"}],"version-history":[{"count":1,"href":"https:\/\/www.agrupament.cat\/portal\/wp-json\/wp\/v2\/posts\/27625\/revisions"}],"predecessor-version":[{"id":27626,"href":"https:\/\/www.agrupament.cat\/portal\/wp-json\/wp\/v2\/posts\/27625\/revisions\/27626"}],"wp:attachment":[{"href":"https:\/\/www.agrupament.cat\/portal\/wp-json\/wp\/v2\/media?parent=27625"}],"wp:term":[{"taxonomy":"category","embeddable":true,"href":"https:\/\/www.agrupament.cat\/portal\/wp-json\/wp\/v2\/categories?post=27625"},{"taxonomy":"post_tag","embeddable":true,"href":"https:\/\/www.agrupament.cat\/portal\/wp-json\/wp\/v2\/tags?post=27625"}],"curies":[{"name":"wp","href":"https:\/\/api.w.org\/{rel}","templated":true}]}}