{"id":27515,"date":"2019-01-30T16:33:09","date_gmt":"2019-01-30T15:33:09","guid":{"rendered":"http:\/\/www.agrupament.cat\/portal\/?p=27515"},"modified":"2019-01-30T16:33:09","modified_gmt":"2019-01-30T15:33:09","slug":"la-generalitat-planteja-una-xarxa-de-trens-regionals-que-connectin-amb-franca","status":"publish","type":"post","link":"https:\/\/www.agrupament.cat\/portal\/2019\/01\/la-generalitat-planteja-una-xarxa-de-trens-regionals-que-connectin-amb-franca\/","title":{"rendered":"La Generalitat planteja una xarxa de trens regionals que connectin amb Fran\u00e7a"},"content":{"rendered":"<p>El Nacional \/ EFE, Barcelona. Dimarts, 29 de gener de 2019<\/p>\n<p>La Generalitat es planteja crear a partir del 2020 una xarxa de trens regionals de velocitat alta -fins a 200 quil\u00f2metres per hora- per connectar Barcelona, Girona, Tarragona i Lleida amb ciutats franceses com Perpiny\u00e0, Tolosa o Montpeller. Aix\u00ed ho va anunciar el president dels Ferrocarrils de la Generalitat de Catalunya (FGC), Ricard Font, en la confer\u00e8ncia organitzada ahir a Girona per Ferrmed i Energie TGV.<\/p>\n<p>Segons consta en la presentaci\u00f3 del projecte, la Generalitat vol aprofitar la liberalitzaci\u00f3 dels serveis ferroviaris, el 2020, per crear, en solitari o &#8220;preferentment&#8221; en col\u00b7laboraci\u00f3 amb socis privats, aquesta xarxa de serveis regionals d&#8217;altes prestacions entre Catalunya i el sud de Fran\u00e7a.<\/p>\n<p>La pr\u00f2pia Generalitat assumeix que es tractaria d&#8217;un negoci &#8220;amb una gran inversi\u00f3 inicial&#8221; i un temps de maduraci\u00f3 &#8220;lent&#8221;, per\u00f2 creu que es podria aconseguir el punt d&#8217;equilibri en l&#8217;operaci\u00f3 del negoci en un termini de sis anys i fins aleshores, estima que es generarien unes p\u00e8rdues de 3,94 milions d&#8217;euros anuals.<\/p>\n<p>M\u00e9s informaci\u00f3: <strong><span style=\"color: #ff6600;\"><a style=\"color: #ff6600;\" href=\"https:\/\/www.elnacional.cat\/ca\/economia\/generalitat-xarxa-trens-regionals-connectin-franca_348912_102.html\">https:\/\/www.elnacional.cat<\/a><\/span><\/strong><\/p>\n","protected":false},"excerpt":{"rendered":"<p>El Nacional \/ EFE, Barcelona. Dimarts, 29 de gener de 2019 La Generalitat es planteja crear a partir del 2020<\/p>\n","protected":false},"author":4,"featured_media":0,"comment_status":"closed","ping_status":"open","sticky":false,"template":"","format":"standard","meta":{"footnotes":""},"categories":[],"tags":[36,47,103,19],"class_list":["post-27515","post","type-post","status-publish","format-standard","hentry","tag-catalunya","tag-fgc-ferrocarrils-de-la-generalitat-de-catalunya","tag-francia","tag-infraestructures","comments-off"],"_links":{"self":[{"href":"https:\/\/www.agrupament.cat\/portal\/wp-json\/wp\/v2\/posts\/27515","targetHints":{"allow":["GET"]}}],"collection":[{"href":"https:\/\/www.agrupament.cat\/portal\/wp-json\/wp\/v2\/posts"}],"about":[{"href":"https:\/\/www.agrupament.cat\/portal\/wp-json\/wp\/v2\/types\/post"}],"author":[{"embeddable":true,"href":"https:\/\/www.agrupament.cat\/portal\/wp-json\/wp\/v2\/users\/4"}],"replies":[{"embeddable":true,"href":"https:\/\/www.agrupament.cat\/portal\/wp-json\/wp\/v2\/comments?post=27515"}],"version-history":[{"count":1,"href":"https:\/\/www.agrupament.cat\/portal\/wp-json\/wp\/v2\/posts\/27515\/revisions"}],"predecessor-version":[{"id":27516,"href":"https:\/\/www.agrupament.cat\/portal\/wp-json\/wp\/v2\/posts\/27515\/revisions\/27516"}],"wp:attachment":[{"href":"https:\/\/www.agrupament.cat\/portal\/wp-json\/wp\/v2\/media?parent=27515"}],"wp:term":[{"taxonomy":"category","embeddable":true,"href":"https:\/\/www.agrupament.cat\/portal\/wp-json\/wp\/v2\/categories?post=27515"},{"taxonomy":"post_tag","embeddable":true,"href":"https:\/\/www.agrupament.cat\/portal\/wp-json\/wp\/v2\/tags?post=27515"}],"curies":[{"name":"wp","href":"https:\/\/api.w.org\/{rel}","templated":true}]}}