{"id":27511,"date":"2019-01-30T10:26:33","date_gmt":"2019-01-30T09:26:33","guid":{"rendered":"http:\/\/www.agrupament.cat\/portal\/?p=27511"},"modified":"2019-01-30T10:26:33","modified_gmt":"2019-01-30T09:26:33","slug":"renfe-finalitza-el-concurs-de-grafits-desenvolupat-als-seus-trens","status":"publish","type":"post","link":"https:\/\/www.agrupament.cat\/portal\/2019\/01\/renfe-finalitza-el-concurs-de-grafits-desenvolupat-als-seus-trens\/","title":{"rendered":"Renfe finalitza el concurs de grafits desenvolupat als seus trens"},"content":{"rendered":"<p>Despr\u00e9s de 4 setmanes de valoracions<\/p>\n<p>Barcelona, 30 de gener de 2019.- (Renfe).<br \/>\nDespr\u00e9s d\u2019un any intens de grafits i pintades v\u00e0ries sobre els trens de Rodalies de Catalunya, Renfe d\u00f3na per finalitzat el concurs de grafits de 2018, iniciativa \u00fanica i irrepetible (esperem).<\/p>\n<p>La decisi\u00f3 del jurat s\u2019ha enrederit durant 4 setmanes degut a l\u2019alta participaci\u00f3. En aquesta edici\u00f3 s\u2019han presentat 4.825 obres que han utilitzat una superf\u00edcie del 128.335 m2 (equivalent a la superf\u00edcie de 5 camps de futbol).<\/p>\n<p>Finalment i despr\u00e9s de diverses reunions, que s\u2019han perllongat fins a altes hores de la matinada, el guanyador ha estat \u2018Vinilius\u2019 (@vinilius2019). El jurat ha considerat que l\u2019artista representava molt b\u00e9 la imatge que Renfe volia donar al servei de Rodalies de Catalunya.<\/p>\n<p>Com a premi, la imatge guanyadora s\u2019implantar\u00e0 en tots el trens de Rodalies de Catalunya. A la resta d\u2019 \u2018artistes\u2019 se\u2019ls agraeix la seva participaci\u00f3 i se\u2019ls recorda el codi de no pintar sobre l\u2019obra d\u2019altres companys del ram.<\/p>\n<p><strong>M\u00e9s de 10 milions d\u2019euros per netejar grafits<\/strong><br \/>\nMalauradament la realitat no \u00e9s tan novel\u00b7lesca i les xifres parlen per si soles.<\/p>\n<p>\u00b7 M\u00e9s de 10 milions euros el que ha costat al ciutadans netejar grafits durant 2018<br \/>\n\u00b7 M\u00e9s de 2.000 den\u00fancies presentades aquest 2018 (M\u00e9s de 5 den\u00fancies di\u00e0ries de mitjana)<br \/>\n\u00b7 Els grafits obliguen Renfe a alterar la programaci\u00f3 dels recorreguts d\u2019aquest tren per tal d\u2019organitzar la retirada de la pintada pels serveis de neteja aix\u00ed com deixar el tren immobilitzat m\u00e9s temps del previst el que comporta una modificaci\u00f3 de la log\u00edstica de distribuci\u00f3 dels trens.<br \/>\n\u00b7 A m\u00e9s, 5 milions s\u2019han destinat a reparar actes vand\u00e0lics a l\u2019interior de trens i estacions<br \/>\n\u00b7 En total 15 milions destinats a netejar o reparar actes vand\u00e0lics<br \/>\n\u00b7 Aquesta xifra permetria comprar 3 nous trens de Rodalies<br \/>\n\u00b7 A m\u00e9s, Renfe inverteix 14 milions d\u2019euros anuals en mat\u00e8ria de seguretat<\/p>\n","protected":false},"excerpt":{"rendered":"<p>Despr\u00e9s de 4 setmanes de valoracions Barcelona, 30 de gener de 2019.- (Renfe). Despr\u00e9s d\u2019un any intens de grafits i<\/p>\n","protected":false},"author":4,"featured_media":0,"comment_status":"closed","ping_status":"open","sticky":false,"template":"","format":"standard","meta":{"footnotes":""},"categories":[],"tags":[25,36,72,44],"class_list":["post-27511","post","type-post","status-publish","format-standard","hentry","tag-actes-congrtesosi-exposicions-fires-i-formacio","tag-catalunya","tag-renfe-operadora","tag-rodalies-cercanias","comments-off"],"_links":{"self":[{"href":"https:\/\/www.agrupament.cat\/portal\/wp-json\/wp\/v2\/posts\/27511","targetHints":{"allow":["GET"]}}],"collection":[{"href":"https:\/\/www.agrupament.cat\/portal\/wp-json\/wp\/v2\/posts"}],"about":[{"href":"https:\/\/www.agrupament.cat\/portal\/wp-json\/wp\/v2\/types\/post"}],"author":[{"embeddable":true,"href":"https:\/\/www.agrupament.cat\/portal\/wp-json\/wp\/v2\/users\/4"}],"replies":[{"embeddable":true,"href":"https:\/\/www.agrupament.cat\/portal\/wp-json\/wp\/v2\/comments?post=27511"}],"version-history":[{"count":1,"href":"https:\/\/www.agrupament.cat\/portal\/wp-json\/wp\/v2\/posts\/27511\/revisions"}],"predecessor-version":[{"id":27512,"href":"https:\/\/www.agrupament.cat\/portal\/wp-json\/wp\/v2\/posts\/27511\/revisions\/27512"}],"wp:attachment":[{"href":"https:\/\/www.agrupament.cat\/portal\/wp-json\/wp\/v2\/media?parent=27511"}],"wp:term":[{"taxonomy":"category","embeddable":true,"href":"https:\/\/www.agrupament.cat\/portal\/wp-json\/wp\/v2\/categories?post=27511"},{"taxonomy":"post_tag","embeddable":true,"href":"https:\/\/www.agrupament.cat\/portal\/wp-json\/wp\/v2\/tags?post=27511"}],"curies":[{"name":"wp","href":"https:\/\/api.w.org\/{rel}","templated":true}]}}