{"id":27500,"date":"2019-01-30T09:17:10","date_gmt":"2019-01-30T08:17:10","guid":{"rendered":"http:\/\/www.agrupament.cat\/portal\/?p=27500"},"modified":"2019-01-30T09:17:10","modified_gmt":"2019-01-30T08:17:10","slug":"el-metro-prolongara-lhorari-fins-a-la-una-de-la-matinada-pel-partit-de-copa-dimecres-30-de-gener","status":"publish","type":"post","link":"https:\/\/www.agrupament.cat\/portal\/2019\/01\/el-metro-prolongara-lhorari-fins-a-la-una-de-la-matinada-pel-partit-de-copa-dimecres-30-de-gener\/","title":{"rendered":"El metro prolongar\u00e0 l&#8217;horari fins a la una de la matinada pel partit de Copa, dimecres 30 de gener"},"content":{"rendered":"<p>29 de gener del 2019<br \/>\n<strong>TMB allargar\u00e0 una hora el servei del suburb\u00e0 i tamb\u00e9 refor\u00e7ar\u00e0 algunes l\u00ednies de bus al Camp Nou pel Bar\u00e7a &#8211; Sevilla (21.30 h)<\/strong><\/p>\n<p>Pel partit de tornada dels quarts de final de la Copa del Rei entre el Bar\u00e7a i el Sevilla de dem\u00e0 dimecres, 30 de gener, que tindr\u00e0 lloc al Camp Nou a partir de les 21.30 hores, TMB refor\u00e7ar\u00e0 el seu servei de metro i d\u2019autobusos.<\/p>\n<p><strong>Els serveis i refor\u00e7os previstos s\u00f3n els seg\u00fcents:<\/strong><br \/>\n<strong>Metro:<\/strong> De manera excepcional, la xarxa de metro estar\u00e0 oberta fins a la 1 de la matinada, en el marc de l\u2019acord assolit entre TMB i el FC Barcelona per prolongar el servei de metro en dies de partit a \u00faltima hora per facilitar la tornada a casa del p\u00fablic assistent.<\/p>\n<p>Com \u00e9s habitual, el metro es refor\u00e7ar\u00e0 amb m\u00e9s personal a les estacions properes a l\u2019estadi i amb m\u00e9s trens en circulaci\u00f3. Les l\u00ednies i estacions que donen acc\u00e9s al Camp Nou s\u00f3n Badal (l\u00ednia 5); Collblanc (l\u00ednia 5, l\u00ednia 9 Sud i l\u00ednia 10 Sud), i Palau Reial, Maria Cristina i Les Corts (l\u00ednia 3).<\/p>\n<p><strong>Autobusos:<\/strong> Es refor\u00e7ar\u00e0 el servei de les l\u00ednies H8 i 52 en funci\u00f3 de la demanda que es pugui produir i a la sortida es posaran en funcionament dues l\u00ednies especials entre el Camp Nou i la pla\u00e7a de Catalunya i entre el Camp Nou i Moss\u00e8n Cinto Verdaguer. El bitllet d\u2019aquestes l\u00ednies val 3,20 \u20ac.<\/p>\n<p>M\u00e9s informaci\u00f3: <strong><span style=\"color: #ff0000;\"><a style=\"color: #ff0000;\" href=\"http:\/\/www.tmb.cat\">www.tmb.cat<\/a><\/span><\/strong><\/p>\n","protected":false},"excerpt":{"rendered":"<p>29 de gener del 2019 TMB allargar\u00e0 una hora el servei del suburb\u00e0 i tamb\u00e9 refor\u00e7ar\u00e0 algunes l\u00ednies de bus<\/p>\n","protected":false},"author":4,"featured_media":0,"comment_status":"closed","ping_status":"open","sticky":false,"template":"","format":"standard","meta":{"footnotes":""},"categories":[],"tags":[25,35,111,225,563,56],"class_list":["post-27500","post","type-post","status-publish","format-standard","hentry","tag-actes-congrtesosi-exposicions-fires-i-formacio","tag-barcelona","tag-bus","tag-metro","tag-reforc-del-servei","tag-metro-barcelona-tmb","comments-off"],"_links":{"self":[{"href":"https:\/\/www.agrupament.cat\/portal\/wp-json\/wp\/v2\/posts\/27500","targetHints":{"allow":["GET"]}}],"collection":[{"href":"https:\/\/www.agrupament.cat\/portal\/wp-json\/wp\/v2\/posts"}],"about":[{"href":"https:\/\/www.agrupament.cat\/portal\/wp-json\/wp\/v2\/types\/post"}],"author":[{"embeddable":true,"href":"https:\/\/www.agrupament.cat\/portal\/wp-json\/wp\/v2\/users\/4"}],"replies":[{"embeddable":true,"href":"https:\/\/www.agrupament.cat\/portal\/wp-json\/wp\/v2\/comments?post=27500"}],"version-history":[{"count":1,"href":"https:\/\/www.agrupament.cat\/portal\/wp-json\/wp\/v2\/posts\/27500\/revisions"}],"predecessor-version":[{"id":27501,"href":"https:\/\/www.agrupament.cat\/portal\/wp-json\/wp\/v2\/posts\/27500\/revisions\/27501"}],"wp:attachment":[{"href":"https:\/\/www.agrupament.cat\/portal\/wp-json\/wp\/v2\/media?parent=27500"}],"wp:term":[{"taxonomy":"category","embeddable":true,"href":"https:\/\/www.agrupament.cat\/portal\/wp-json\/wp\/v2\/categories?post=27500"},{"taxonomy":"post_tag","embeddable":true,"href":"https:\/\/www.agrupament.cat\/portal\/wp-json\/wp\/v2\/tags?post=27500"}],"curies":[{"name":"wp","href":"https:\/\/api.w.org\/{rel}","templated":true}]}}