{"id":27469,"date":"2019-01-24T10:31:00","date_gmt":"2019-01-24T09:31:00","guid":{"rendered":"http:\/\/www.agrupament.cat\/portal\/?p=27469"},"modified":"2019-01-24T10:31:00","modified_gmt":"2019-01-24T09:31:00","slug":"suspendido-de-forma-preventiva-el-trafico-ferroviario-en-toda-la-red-de-ancho-metrico-de-asturias-debido-a-las-inclemencias-meteorologicas","status":"publish","type":"post","link":"https:\/\/www.agrupament.cat\/portal\/2019\/01\/suspendido-de-forma-preventiva-el-trafico-ferroviario-en-toda-la-red-de-ancho-metrico-de-asturias-debido-a-las-inclemencias-meteorologicas\/","title":{"rendered":"Suspendido de forma preventiva el tr\u00e1fico ferroviario en toda la Red de Ancho M\u00e9trico de Asturias debido a las inclemencias meteorol\u00f3gicas"},"content":{"rendered":"<p>Entre las estaciones de Muros de Nal\u00f3n y Ribadesella<br \/>\n23\/01\/2019. <strong>Desde las 17.30 horas de esta tarde, y como medida preventiva ante las numerosas incidencias que se est\u00e1n sucediendo durante todo el d\u00eda por las inclemencias meteorol\u00f3gicas, Adif ha procedido a la suspensi\u00f3n del tr\u00e1fico ferroviario en el \u00e1mbito de la Red de Ancho M\u00e9trico (RAM) de Asturias, concretamente entre las estaciones de Muros de Nal\u00f3n y Ribadesella. Se mantendr\u00e1 el tr\u00e1fico entre Ferrol y Muros de Nal\u00f3n, por un lado, y entre Ribadesella y Bilbao, por otro.<\/strong><\/p>\n<p>Adif ha tomado esta medida de car\u00e1cter excepcional con objeto de realizar una inspecci\u00f3n minuciosa de todos los puntos de la RAM asturiana afectados por el temporal y poder reparar los da\u00f1os a la mayor brevedad posible. Para ello, se han movilizado tanto medios t\u00e9cnicos como humanos en todo el \u00e1mbito de l\u00edneas RAM afectadas.<\/p>\n<p>Por el momento, no se ha establecido una previsi\u00f3n para reanudar la circulaci\u00f3n ferroviaria. Renfe, por su parte, ha establecido un Plan de Transporte Alternativo por carretera en cinco puntos de la Red de Ancho M\u00e9trico de Asturias: Oviedo-El Berr\u00f3n, Gij\u00f3n-El Berr\u00f3n, Nava-Infiesto-Llanes, Collanzo-Caba\u00f1aquinta y Trubia-Grado.<\/p>\n","protected":false},"excerpt":{"rendered":"<p>Entre las estaciones de Muros de Nal\u00f3n y Ribadesella 23\/01\/2019. Desde las 17.30 horas de esta tarde, y como medida<\/p>\n","protected":false},"author":4,"featured_media":0,"comment_status":"closed","ping_status":"open","sticky":false,"template":"","format":"standard","meta":{"footnotes":""},"categories":[],"tags":[17,70,99],"class_list":["post-27469","post","type-post","status-publish","format-standard","hentry","tag-afectacions-e-incidencies","tag-anchometrico","tag-principau-dasturies-principado-de-asturias","comments-off"],"_links":{"self":[{"href":"https:\/\/www.agrupament.cat\/portal\/wp-json\/wp\/v2\/posts\/27469","targetHints":{"allow":["GET"]}}],"collection":[{"href":"https:\/\/www.agrupament.cat\/portal\/wp-json\/wp\/v2\/posts"}],"about":[{"href":"https:\/\/www.agrupament.cat\/portal\/wp-json\/wp\/v2\/types\/post"}],"author":[{"embeddable":true,"href":"https:\/\/www.agrupament.cat\/portal\/wp-json\/wp\/v2\/users\/4"}],"replies":[{"embeddable":true,"href":"https:\/\/www.agrupament.cat\/portal\/wp-json\/wp\/v2\/comments?post=27469"}],"version-history":[{"count":1,"href":"https:\/\/www.agrupament.cat\/portal\/wp-json\/wp\/v2\/posts\/27469\/revisions"}],"predecessor-version":[{"id":27470,"href":"https:\/\/www.agrupament.cat\/portal\/wp-json\/wp\/v2\/posts\/27469\/revisions\/27470"}],"wp:attachment":[{"href":"https:\/\/www.agrupament.cat\/portal\/wp-json\/wp\/v2\/media?parent=27469"}],"wp:term":[{"taxonomy":"category","embeddable":true,"href":"https:\/\/www.agrupament.cat\/portal\/wp-json\/wp\/v2\/categories?post=27469"},{"taxonomy":"post_tag","embeddable":true,"href":"https:\/\/www.agrupament.cat\/portal\/wp-json\/wp\/v2\/tags?post=27469"}],"curies":[{"name":"wp","href":"https:\/\/api.w.org\/{rel}","templated":true}]}}