{"id":27169,"date":"2018-12-14T23:45:07","date_gmt":"2018-12-14T22:45:07","guid":{"rendered":"http:\/\/www.agrupament.cat\/portal\/?p=27169"},"modified":"2018-12-15T10:44:55","modified_gmt":"2018-12-15T09:44:55","slug":"el-pacte-per-a-les-infraestructures-del-camp-de-tarragona-presentara-conjuntament-el-projecte-al-govern-de-lestat","status":"publish","type":"post","link":"https:\/\/www.agrupament.cat\/portal\/2018\/12\/el-pacte-per-a-les-infraestructures-del-camp-de-tarragona-presentara-conjuntament-el-projecte-al-govern-de-lestat\/","title":{"rendered":"El pacte per a les infraestructures del Camp de Tarragona presentar\u00e0 conjuntament el projecte al Govern de l&#8217;Estat"},"content":{"rendered":"<p>GenCat. TES 14\/12\/2018<\/p>\n<p><strong>\u00b7 El secretari d\u2019Infraestructures i Mobilitat, Isidre Gav\u00edn, s\u2019ha reunit avui amb els representants dels ajuntaments de Tarragona, Reus, Cambrils, Vila-seca i Salou.<\/strong><br \/>\n<strong>\u00b7 Els integrants del pacte acorden crear dues comissions permanents, una institucional i una altra de car\u00e0cter t\u00e8cnic, per avan\u00e7ar en el projecte.<\/strong><\/p>\n<p>El secretari d\u2019Infraestructures i Mobilitat, Isidre Gav\u00edn, i els representants dels ajuntaments de Tarragona, Reus, Cambrils, Vila-seca i Salou han acordat aquest mat\u00ed presentar conjuntament el projecte per impulsar les infraestructures estrat\u00e8giques del Camp de Tarragona al Govern de l\u2019Estat.<\/p>\n<p>Segons Gav\u00edn, \u201chem refermat al 100%\u201d el pacte territorial per impulsar les infraestructures estrat\u00e8giques del Camp de Tarragona assolit l\u2019abril d\u2019enguany i \u201chem decidit crear una agenda compartida i actuar de forma conjunta\u201d. Aix\u00ed, \u201cenviarem al Govern de l\u2019Estat l\u2019acord, tal com el tenim establert, amb la seva ratificaci\u00f3 a la reuni\u00f3 d\u2019avui, i demanarem hora per exposar conjuntament tot aquest projecte\u201d als responsables ministerials, ha avan\u00e7at el secretari.<\/p>\n<p>A m\u00e9s, s\u2019ha acordat crear dues comissions de seguiment de l\u2019estat del projecte, una de caire institucional, amb representants tant del Departament de TES com dels cinc ajuntaments implicats, i una altra t\u00e8cnica.<\/p>\n<p>\u201cEstem molt satisfets de la reuni\u00f3 d\u2019avui\u201d, ha valorat Gav\u00edn, perqu\u00e8 \u201csignifica l\u2019inici del treball executiu de tot aquest projecte\u201d, condicionat a que \u201ces posi en marxa el servei d\u2019alta velocitat i Adif retiri les vies obsoletes\u201d.<\/p>\n<p><strong>Un projecte multimodal<\/strong><br \/>\nL\u2019entrada en servei de la doble via entre Vandell\u00f2s i Tarragona ha de permetre millorar els serveis ferroviaris actuals i impulsar noves infraestructures que dotin el territori de millor connectivitat amb els principals pols d\u2019activitat econ\u00f2mica.<\/p>\n<p>L\u2019acord territorial assolit el mes d\u2019abril inclou la remodelaci\u00f3 dels trens regionals, amb millors freq\u00fc\u00e8ncies, m\u00e9s r\u00e0pides i millor cadenciades. Tamb\u00e9 es crear\u00e0 una nova l\u00ednia R17 que connectar\u00e0 l\u2019estaci\u00f3 de Salou\/Port Aventura i Barcelona amb quatre freq\u00fc\u00e8ncies al dia. Aquesta nova l\u00ednia exigir\u00e0 una actuaci\u00f3 d\u2019ampliaci\u00f3 i millora de l\u2019estaci\u00f3 de Salou\/Port Aventura. Les rodalies territorials es refor\u00e7aran.<\/p>\n<p><strong>Millora de l\u2019accessibilitat a l\u2019aeroport de Reus<\/strong><br \/>\nLa nova connexi\u00f3 Vila-seca \u2013 Perafort amb la l\u00ednia d\u2019alta velocitat i la futura Estaci\u00f3 Intermodal permetran implementar nous serveis per arribar m\u00e9s r\u00e0pidament a Barcelona. Els trens regionals provinents de les Terres de l\u2019Ebre i de Tarragona utilitzaran la l\u00ednia d\u2019alta velocitat. A m\u00e9s, aquesta estaci\u00f3 haur\u00e0 de ser la porta d\u2019entrada a l\u2019aeroport de Reus, ja que permetr\u00e0 arribar a Barcelona amb un temps a l\u2019entorn dels 40 minuts. D\u2019aquesta manera la instal\u00b7laci\u00f3 aeroportu\u00e0ria podr\u00e0 assumir el paper de complement\u00e0ria respecte l\u2019aeroport de Barcelona, d\u2019acord amb els estudis realitzats en el marc del Pla Estrat\u00e8gic de l\u2019Aviaci\u00f3 a Catalunya.<\/p>\n<p>Els cinc ajuntaments i la Generalitat tamb\u00e9 estan d\u2019acord en impulsar una nova connexi\u00f3 ferrovi\u00e0ria al nord de Tarragona, que aprofiti l\u2019alta velocitat i que permeti connectar aquest \u00e0mbit amb Barcelona en 40 minuts. Per assolir aquest objectiu caldr\u00e0 construir un nou corredor de connexi\u00f3 entre la l\u00ednia convencional i la l\u00ednia d\u2019alta velocitat al nord de la ciutat.<\/p>\n<p><strong>Desmantellament de les vies i implantaci\u00f3 del tren-tramvia<\/strong><br \/>\nUn altre element clau, llargament reivindicat pel territori, ser\u00e0 la implementaci\u00f3 d\u2019un tren-tramvia des de Cambrils i Salou fins a Tarragona i Reus, que enllaci amb una nova connexi\u00f3 amb el Vendrell i el Baix Pened\u00e8s. El document aposta pel desmantellament i integraci\u00f3 urbana de les vies entre Cambrils i Salou\/Port Aventura, que ha d\u2019executar Adif en compliment de la Declaraci\u00f3 d\u2019Impacte Ambiental, i la implantaci\u00f3 posterior d\u2019aquest tren-tram, que tindr\u00e0 una demanda total estimada de 2,5 milions de passatgers l\u2019any.<\/p>\n<p><strong>Noves connexions per a les mercaderies<\/strong><br \/>\nLa import\u00e0ncia de l\u2019activitat industrial i del Port de Tarragona en aquest territori fa necess\u00e0ria la connexi\u00f3 dels principals pols en ample est\u00e0ndard europeu (Castell\u00f3-Nus de Vila-seca, Nus de Vila-seca-Reus, Nus de Vila-seca-Castellbisbal i Reus-Pol\u00edgon Nord), aix\u00ed com la planificaci\u00f3 i programaci\u00f3 d\u2019una variant interior de mercaderies aprofitant trams de la l\u00ednia Reus-Roda, juntament amb les variants de Roda, Reus i Vila-seca, i el nou acc\u00e9s al port.<\/p>\n<p>I per fer arribar les millores dels serveis ferroviaris al conjunt del territori \u00e9s imprescindible refor\u00e7ar els serveis de transport p\u00fablic per carretera a trav\u00e9s de noves connexions des de Reus, Tarragona i els nuclis m\u00e9s tur\u00edstics de la Costa Daurada amb l\u2019estaci\u00f3 d\u2019alta velocitat del Camp de Tarragona i amb l\u2019aeroport de Reus. El passat setembre es van posar en marxa els busos llan\u00e7adora des de Reus i Tarragona fins a l\u2019estaci\u00f3 d\u2019alta velocitat.<\/p>\n","protected":false},"excerpt":{"rendered":"<p>GenCat. TES 14\/12\/2018 \u00b7 El secretari d\u2019Infraestructures i Mobilitat, Isidre Gav\u00edn, s\u2019ha reunit avui amb els representants dels ajuntaments de<\/p>\n","protected":false},"author":4,"featured_media":0,"comment_status":"closed","ping_status":"open","sticky":false,"template":"","format":"standard","meta":{"footnotes":""},"categories":[],"tags":[395,36,73,19,186,390,32,430],"class_list":["post-27169","post","type-post","status-publish","format-standard","hentry","tag-cambrils","tag-catalunya","tag-generalitat-de-catalunya-territori-i-sostenibilitat","tag-infraestructures","tag-reus","tag-salou","tag-tarragona","tag-vila-seca","comments-off"],"_links":{"self":[{"href":"https:\/\/www.agrupament.cat\/portal\/wp-json\/wp\/v2\/posts\/27169","targetHints":{"allow":["GET"]}}],"collection":[{"href":"https:\/\/www.agrupament.cat\/portal\/wp-json\/wp\/v2\/posts"}],"about":[{"href":"https:\/\/www.agrupament.cat\/portal\/wp-json\/wp\/v2\/types\/post"}],"author":[{"embeddable":true,"href":"https:\/\/www.agrupament.cat\/portal\/wp-json\/wp\/v2\/users\/4"}],"replies":[{"embeddable":true,"href":"https:\/\/www.agrupament.cat\/portal\/wp-json\/wp\/v2\/comments?post=27169"}],"version-history":[{"count":1,"href":"https:\/\/www.agrupament.cat\/portal\/wp-json\/wp\/v2\/posts\/27169\/revisions"}],"predecessor-version":[{"id":27170,"href":"https:\/\/www.agrupament.cat\/portal\/wp-json\/wp\/v2\/posts\/27169\/revisions\/27170"}],"wp:attachment":[{"href":"https:\/\/www.agrupament.cat\/portal\/wp-json\/wp\/v2\/media?parent=27169"}],"wp:term":[{"taxonomy":"category","embeddable":true,"href":"https:\/\/www.agrupament.cat\/portal\/wp-json\/wp\/v2\/categories?post=27169"},{"taxonomy":"post_tag","embeddable":true,"href":"https:\/\/www.agrupament.cat\/portal\/wp-json\/wp\/v2\/tags?post=27169"}],"curies":[{"name":"wp","href":"https:\/\/api.w.org\/{rel}","templated":true}]}}