{"id":27102,"date":"2018-12-05T08:00:14","date_gmt":"2018-12-05T07:00:14","guid":{"rendered":"http:\/\/www.agrupament.cat\/portal\/?p=27102"},"modified":"2018-12-08T19:50:03","modified_gmt":"2018-12-08T18:50:03","slug":"el-transport-public-de-tmb-a-punt-per-al-nadal-2018-a-barcelona","status":"publish","type":"post","link":"https:\/\/www.agrupament.cat\/portal\/2018\/12\/el-transport-public-de-tmb-a-punt-per-al-nadal-2018-a-barcelona\/","title":{"rendered":"El transport p\u00fablic de TMB, a punt per al Nadal 2018 a Barcelona"},"content":{"rendered":"<p>4 de desembre del 2018<br \/>\n<strong>Per Cap d&#8217;Any el metro funcionar\u00e0 tota la nit, mentre que el dilluns 24 de desembre, vig\u00edlia de Nadal, tancar\u00e0 a les 23 hores<\/strong><\/p>\n<p>Transports Metropolitans de Barcelona (TMB) ha previst un dispositiu de Nadal semblant al d\u2019anys anteriors, amb la finalitat de facilitar els despla\u00e7aments durant les festes. L\u2019oferta de bus i metro s\u2019adaptar\u00e0 a les caracter\u00edstiques especials d\u2019aquestes dates, en qu\u00e8 disminueix la demanda de transport per motius laborals i d\u2019estudis, per\u00f2 s\u2019incrementen els viatges amb dest\u00ed o origen a les zones comercials, aix\u00ed com les visites a familiars i les sortides de lleure.<\/p>\n<p>Els autobusos comencen els refor\u00e7os dijous vinent, dia 6, primer festiu comercial d\u2019aquest mes de desembre a Barcelona.<\/p>\n<p><strong>Autobusos<\/strong><br \/>\nS\u2019aplicar\u00e0 un refor\u00e7 de les l\u00ednies d\u2019autobusos que transcorren pel centre de Barcelona i altres eixos comercials els dies <strong>6, 8, 9, 16, 23 i 30 de desembre<\/strong>, festius en qu\u00e8 els comer\u00e7os estan autoritzats a obrir les portes. Tamb\u00e9 s\u2019augmenta la capacitat de transport d\u2019algunes l\u00ednies, dotant-les de vehicles articulats.<\/p>\n<p><strong>Cal tenir en compte que el dilluns 24 de desembre, vig\u00edlia de Nadal, els autobusos de TMB faran l\u2019\u00faltima sortida des de les parades d\u2019origen a les 22.00 hores.<\/strong><\/p>\n<p><strong>Metro<\/strong><br \/>\nEl metro ser\u00e0 un cop m\u00e9s l\u2019opci\u00f3 m\u00e9s recomanable per eludir la congesti\u00f3 associada a les dates nadalenques. Els dies feiners es mantindr\u00e0 una oferta semblant a l\u2019habitual de l\u2019hivern, cosa que proporciona capacitat de transport adequada tant en hora punta com en la resta de franges hor\u00e0ries.<\/p>\n<p><strong>El dimecres 5 i el divendres 7 de desembre, pel fet de ser vig\u00edlies de festiu, el servei es prestar\u00e0 fins a les 2 de la matinada. El dia 6 de desembre l\u2019horari ser\u00e0 l\u2019habitual d\u2019un festiu i estar\u00e0 obert fins a la mitjanit, i el dia 8, dissabte, el metro funcionar\u00e0 tota la nit.<\/strong><\/p>\n<p>D\u2019altra banda, dilluns 24 de desembre, la vig\u00edlia de Nadal, el servei de metro finalitzar\u00e0, com \u00e9s habitual en aquesta data, a les 23 hores. El dia de Nadal el metro funcionar\u00e0 de 5 del mat\u00ed a 2 de la matinada, i per Sant Esteve el metro circular\u00e0 fins a les 12 de la nit.<\/p>\n<p>Com \u00e9s habitual, la nit de Cap d\u2019Any, la que va del dilluns 31 de desembre al dimarts 1 de gener, el metro donar\u00e0 servei de manera continuada.<\/p>\n","protected":false},"excerpt":{"rendered":"<p>4 de desembre del 2018 Per Cap d&#8217;Any el metro funcionar\u00e0 tota la nit, mentre que el dilluns 24 de<\/p>\n","protected":false},"author":4,"featured_media":0,"comment_status":"closed","ping_status":"open","sticky":false,"template":"","format":"standard","meta":{"footnotes":""},"categories":[],"tags":[25,35,111,225,563,56],"class_list":["post-27102","post","type-post","status-publish","format-standard","hentry","tag-actes-congrtesosi-exposicions-fires-i-formacio","tag-barcelona","tag-bus","tag-metro","tag-reforc-del-servei","tag-metro-barcelona-tmb","comments-off"],"_links":{"self":[{"href":"https:\/\/www.agrupament.cat\/portal\/wp-json\/wp\/v2\/posts\/27102","targetHints":{"allow":["GET"]}}],"collection":[{"href":"https:\/\/www.agrupament.cat\/portal\/wp-json\/wp\/v2\/posts"}],"about":[{"href":"https:\/\/www.agrupament.cat\/portal\/wp-json\/wp\/v2\/types\/post"}],"author":[{"embeddable":true,"href":"https:\/\/www.agrupament.cat\/portal\/wp-json\/wp\/v2\/users\/4"}],"replies":[{"embeddable":true,"href":"https:\/\/www.agrupament.cat\/portal\/wp-json\/wp\/v2\/comments?post=27102"}],"version-history":[{"count":1,"href":"https:\/\/www.agrupament.cat\/portal\/wp-json\/wp\/v2\/posts\/27102\/revisions"}],"predecessor-version":[{"id":27103,"href":"https:\/\/www.agrupament.cat\/portal\/wp-json\/wp\/v2\/posts\/27102\/revisions\/27103"}],"wp:attachment":[{"href":"https:\/\/www.agrupament.cat\/portal\/wp-json\/wp\/v2\/media?parent=27102"}],"wp:term":[{"taxonomy":"category","embeddable":true,"href":"https:\/\/www.agrupament.cat\/portal\/wp-json\/wp\/v2\/categories?post=27102"},{"taxonomy":"post_tag","embeddable":true,"href":"https:\/\/www.agrupament.cat\/portal\/wp-json\/wp\/v2\/tags?post=27102"}],"curies":[{"name":"wp","href":"https:\/\/api.w.org\/{rel}","templated":true}]}}