{"id":26905,"date":"2018-09-03T08:00:05","date_gmt":"2018-09-03T07:00:05","guid":{"rendered":"http:\/\/www.agrupament.cat\/portal\/?p=26905"},"modified":"2018-09-04T15:21:28","modified_gmt":"2018-09-04T14:21:28","slug":"restablert-el-servei-de-la-linia-2-de-metro-entre-parallel-i-universitat","status":"publish","type":"post","link":"https:\/\/www.agrupament.cat\/portal\/2018\/09\/restablert-el-servei-de-la-linia-2-de-metro-entre-parallel-i-universitat\/","title":{"rendered":"Restablert el servei de la l\u00ednia 2 de metro entre Paral\u00b7lel i Universitat"},"content":{"rendered":"<p><img loading=\"lazy\" decoding=\"async\" class=\"alignleft size-full wp-image-9034\" src=\"http:\/\/www.agrupament.cat\/portal\/wp-content\/uploads\/2010\/11\/TMB01.gif\" alt=\"\" width=\"68\" height=\"50\" \/>02.09.2018.-\u00a0Tamb\u00e9 reobre l&#8217;estaci\u00f3 de Penitents de la L3, tancada des del 30 de juliol per renovaci\u00f3 de les escales mec\u00e0niques.<\/p>\n<p>Dem\u00e0 dilluns, 3 de setembre, es restablir\u00e0 el servei de la l\u00ednia 2 de metro al tram entre les estacions de Paral\u00b7lel i Universitat, que est\u00e0 susp\u00e8s des del 30 de juliol per treballs de millora de la infraestructura de la via. Des de les 5 del mat\u00ed de dem\u00e0 dilluns els trens tornaran a circular amb normalitat entre tots dos extrems de la l\u00ednia, de Paral\u00b7lel a Badalona Pompeu Fabra i a la inversa, tal com estava previst.<\/p>\n<p>La suspensi\u00f3 del servei durant 35 dies ha perm\u00e8s fer obres de millora que s\u00f3n incompatibles amb la circulaci\u00f3 de trens. L\u2019actuaci\u00f3 que ha dut a terme TMB s\u2019ha centrat a renovar elements de la infraestructura de la via de l\u2019entorn de les estacions de Paral\u00b7lel i Sant Antoni.<\/p>\n<p><strong>Reobre l\u2019estaci\u00f3 de Penitents L3<\/strong><br \/>\nDilluns tamb\u00e9 reobrir\u00e0 l\u2019estaci\u00f3 de Penitents de la l\u00ednia 3 de metro, que ha estat fora de servei des del passat 30 de juliol per la renovaci\u00f3 de les escales mec\u00e0niques que comuniquen els diferents nivells de l\u2019estaci\u00f3, dins del pla de modernitzaci\u00f3 d\u2019aquests elements a la xarxa de metro que porta a terme TMB.<\/p>\n<p>Els treballs han perm\u00e8s substituir quatre de les sis escales m\u00f2bils de l\u2019estaci\u00f3 que han arribat al final de la seva vida \u00fatil despr\u00e9s de 33 anys. La complicada operaci\u00f3 ha consistit a desmuntar i repartir en volums redu\u00efts els elements de les escales perqu\u00e8 poguessin sortir cap al carrer i s\u2019hi poguessin entrar els components de les noves. El moviment dels trams d\u2019escales, eines i maquin\u00e0ria pesant era incompatible amb el tr\u00e0nsit de passatgers.<\/p>\n<p>A partir de dilluns, les noves escales estaran en fase de muntatge i per tant encara no podran funcionar, tot i que l\u2019estaci\u00f3 ja estar\u00e0 oberta. Igualment faltar\u00e0 substituir les altres dues escales, una nova fase de l\u2019obra que es far\u00e0 compatible amb el servei.<\/p>\n<p>M\u00e9s informaci\u00f3: <strong><span style=\"color: #ff0000;\"><a style=\"color: #ff0000;\" href=\"https:\/\/www.tmb.cat\/ca\/servei-metro-bus-barcelona\">TMB Estat del Servei<\/a><\/span><\/strong><\/p>\n","protected":false},"excerpt":{"rendered":"<p>02.09.2018.-\u00a0Tamb\u00e9 reobre l&#8217;estaci\u00f3 de Penitents de la L3, tancada des del 30 de juliol per renovaci\u00f3 de les escales mec\u00e0niques.<\/p>\n","protected":false},"author":4,"featured_media":17157,"comment_status":"closed","ping_status":"open","sticky":false,"template":"","format":"standard","meta":{"footnotes":""},"categories":[],"tags":[43,19,125,126,225,583,56],"class_list":["post-26905","post","type-post","status-publish","format-standard","has-post-thumbnail","hentry","tag-estacions","tag-infraestructures","tag-l02-parallel-badalona-pompeu-fabra","tag-l03-zona-universitaria-trinitat-nova","tag-metro","tag-restabliment-del-servei","tag-metro-barcelona-tmb","comments-off"],"_links":{"self":[{"href":"https:\/\/www.agrupament.cat\/portal\/wp-json\/wp\/v2\/posts\/26905","targetHints":{"allow":["GET"]}}],"collection":[{"href":"https:\/\/www.agrupament.cat\/portal\/wp-json\/wp\/v2\/posts"}],"about":[{"href":"https:\/\/www.agrupament.cat\/portal\/wp-json\/wp\/v2\/types\/post"}],"author":[{"embeddable":true,"href":"https:\/\/www.agrupament.cat\/portal\/wp-json\/wp\/v2\/users\/4"}],"replies":[{"embeddable":true,"href":"https:\/\/www.agrupament.cat\/portal\/wp-json\/wp\/v2\/comments?post=26905"}],"version-history":[{"count":3,"href":"https:\/\/www.agrupament.cat\/portal\/wp-json\/wp\/v2\/posts\/26905\/revisions"}],"predecessor-version":[{"id":26908,"href":"https:\/\/www.agrupament.cat\/portal\/wp-json\/wp\/v2\/posts\/26905\/revisions\/26908"}],"wp:featuredmedia":[{"embeddable":true,"href":"https:\/\/www.agrupament.cat\/portal\/wp-json\/wp\/v2\/media\/17157"}],"wp:attachment":[{"href":"https:\/\/www.agrupament.cat\/portal\/wp-json\/wp\/v2\/media?parent=26905"}],"wp:term":[{"taxonomy":"category","embeddable":true,"href":"https:\/\/www.agrupament.cat\/portal\/wp-json\/wp\/v2\/categories?post=26905"},{"taxonomy":"post_tag","embeddable":true,"href":"https:\/\/www.agrupament.cat\/portal\/wp-json\/wp\/v2\/tags?post=26905"}],"curies":[{"name":"wp","href":"https:\/\/api.w.org\/{rel}","templated":true}]}}