{"id":26877,"date":"2018-08-28T08:00:51","date_gmt":"2018-08-28T07:00:51","guid":{"rendered":"http:\/\/www.agrupament.cat\/portal\/?p=26877"},"modified":"2018-08-30T15:33:44","modified_gmt":"2018-08-30T14:33:44","slug":"adif-executa-actuacions-de-millora-de-la-infraestructura-entre-rubi-i-castellbisbal","status":"publish","type":"post","link":"https:\/\/www.agrupament.cat\/portal\/2018\/08\/adif-executa-actuacions-de-millora-de-la-infraestructura-entre-rubi-i-castellbisbal\/","title":{"rendered":"Adif executa actuacions de millora de la infraestructura entre Rub\u00ed i Castellbisbal"},"content":{"rendered":"<p><img loading=\"lazy\" decoding=\"async\" class=\"alignleft size-full wp-image-11136\" src=\"http:\/\/www.agrupament.cat\/portal\/wp-content\/uploads\/2011\/07\/Renfe02.gif\" alt=\"\" width=\"83\" height=\"35\" \/>\u00b7 Renfe habilita un servei alternatiu per carretera en aquest trajecte pels trens de la l\u00ednia R8 de rodalia.<br \/>\n\u00b7 Les actuacions al t\u00fanel de Rub\u00ed permetran suprimir una Limitaci\u00f3 Temporal de Velocitat.<\/p>\n<p>Barcelona, 27 d\u2019agost de 2018 (Adif i Renfe).<br \/>\nAdif executar\u00e0 entre el 3 de setembre i el 23 de desembre obres de millora de la infraestructura al t\u00fanel de Rub\u00ed, entre les estacions de Rub\u00ed i Castellbisbal. Donada la necessitat d\u2019actuar en l\u2019\u00e0mbit de la plataforma ferrovi\u00e0ria, Adif ha programat l\u2019execuci\u00f3 d\u2019aquests treballs en diferents intervals horaris amb l\u2019objectiu de reduir les afectacions al servei comercial.<\/p>\n<p><strong>Segons la planificaci\u00f3 establerta, de dilluns a dissabte, inclosos festius, s\u2019interrompr\u00e0 la circulaci\u00f3 entre les 14.45 h. i les 19.45 h., mentre que els diumenges el tr\u00e0nsit de trens es restringir\u00e0 entre les 07.00 h. i les 14.00 h.<\/strong> Per tal de garantir la mobilitat dels clients en els intervals d\u2019interrupci\u00f3 total de la circulaci\u00f3, Renfe ha habilitat un servei alternatiu per carretera entre les estacions de Rub\u00ed i Castellbisbal a la l\u00ednia R8 de Rodalies de Catalunya (Granollers Centre-Martorell per Cerdanyola Universitat). Entre Castellbisbal i Martorell els viatgers podran utilitzar els serveis de la l\u00ednia R4 de rodalia de Barcelona.<\/p>\n<p>Tota la informaci\u00f3 sobre aquesta modificaci\u00f3 del servei es podr\u00e0 consultar als webs <strong><span style=\"color: #ff9900;\"><a style=\"color: #ff9900;\" href=\"http:\/\/rodalies.gencat.cat\/ca\/inici\/\">www.rodaliesdecatalunya.cat<\/a><\/span>,<\/strong> <strong><span style=\"color: #800080;\"><a style=\"color: #800080;\" href=\"http:\/\/www.renfe.com\">www.renfe.com<\/a><\/span><\/strong> i <strong><span style=\"color: #008000;\"><a style=\"color: #008000;\" href=\"http:\/\/www.adif.es\/es_ES\/h24_contenido.shtml\">www.adif.es (apartat Estat de la Xarxa)<\/a><\/span><\/strong>, al tel\u00e8fon d\u2019informaci\u00f3 <strong><span style=\"color: #ff9900;\">900 41 00 41<\/span><\/strong>, a les Apps Rodalies de Catalunya i Adif en tu m\u00f3vil, aix\u00ed com a les xarxes socials (@rodalies @renfe i @InfoAdif).<\/p>\n<p><strong>Millora de la infraestructura al t\u00fanel de Rub\u00ed<\/strong><br \/>\nL\u2019objectiu d\u2019aquestes operacions \u00e9s optimitzar els par\u00e0metres de seguretat de l\u2019estructura d\u2019aquest t\u00fanel, de 900 metres de longitud aproximada, reduint d\u2019aquesta forma les necessitats de manteniment i permetent tamb\u00e9 suprimir la Limitaci\u00f3 Temporal de Velocitat (LTV) existent actualment, el que redundar\u00e0 en una reducci\u00f3 dels temps de viatge.<\/p>\n<p>Aquesta actuaci\u00f3 s\u2019ha determinat despr\u00e9s de les inspeccions t\u00e8cniques dutes a terme per Adif i les campanyes de control tant del terreny com de l\u2019estructura del t\u00fanel. Les operacions consistiran en un refor\u00e7 de l\u2019esmentada estructura amb elements met\u00e0l\u00b7lics i el formigonat entre aquests i la volta existent.<\/p>\n","protected":false},"excerpt":{"rendered":"<p>\u00b7 Renfe habilita un servei alternatiu per carretera en aquest trajecte pels trens de la l\u00ednia R8 de rodalia. \u00b7<\/p>\n","protected":false},"author":4,"featured_media":26880,"comment_status":"closed","ping_status":"open","sticky":false,"template":"","format":"standard","meta":{"footnotes":""},"categories":[],"tags":[71,17,199,19,208,72,215],"class_list":["post-26877","post","type-post","status-publish","format-standard","has-post-thumbnail","hentry","tag-adif","tag-afectacions-e-incidencies","tag-castellbisbal","tag-infraestructures","tag-r08-martorell-a-granollers-centre-per-cerdanyola-universitat","tag-renfe-operadora","tag-rubi","comments-off"],"_links":{"self":[{"href":"https:\/\/www.agrupament.cat\/portal\/wp-json\/wp\/v2\/posts\/26877","targetHints":{"allow":["GET"]}}],"collection":[{"href":"https:\/\/www.agrupament.cat\/portal\/wp-json\/wp\/v2\/posts"}],"about":[{"href":"https:\/\/www.agrupament.cat\/portal\/wp-json\/wp\/v2\/types\/post"}],"author":[{"embeddable":true,"href":"https:\/\/www.agrupament.cat\/portal\/wp-json\/wp\/v2\/users\/4"}],"replies":[{"embeddable":true,"href":"https:\/\/www.agrupament.cat\/portal\/wp-json\/wp\/v2\/comments?post=26877"}],"version-history":[{"count":2,"href":"https:\/\/www.agrupament.cat\/portal\/wp-json\/wp\/v2\/posts\/26877\/revisions"}],"predecessor-version":[{"id":26881,"href":"https:\/\/www.agrupament.cat\/portal\/wp-json\/wp\/v2\/posts\/26877\/revisions\/26881"}],"wp:featuredmedia":[{"embeddable":true,"href":"https:\/\/www.agrupament.cat\/portal\/wp-json\/wp\/v2\/media\/26880"}],"wp:attachment":[{"href":"https:\/\/www.agrupament.cat\/portal\/wp-json\/wp\/v2\/media?parent=26877"}],"wp:term":[{"taxonomy":"category","embeddable":true,"href":"https:\/\/www.agrupament.cat\/portal\/wp-json\/wp\/v2\/categories?post=26877"},{"taxonomy":"post_tag","embeddable":true,"href":"https:\/\/www.agrupament.cat\/portal\/wp-json\/wp\/v2\/tags?post=26877"}],"curies":[{"name":"wp","href":"https:\/\/api.w.org\/{rel}","templated":true}]}}