{"id":26863,"date":"2018-08-15T19:12:48","date_gmt":"2018-08-15T18:12:48","guid":{"rendered":"http:\/\/www.agrupament.cat\/portal\/?p=26863"},"modified":"2018-08-15T19:12:48","modified_gmt":"2018-08-15T18:12:48","slug":"reforc-del-transport-public-amb-motiu-de-la-commemoracio-dels-atemptats-de-lagost-del-2017","status":"publish","type":"post","link":"https:\/\/www.agrupament.cat\/portal\/2018\/08\/reforc-del-transport-public-amb-motiu-de-la-commemoracio-dels-atemptats-de-lagost-del-2017\/","title":{"rendered":"Refor\u00e7 del transport p\u00fablic amb motiu de la commemoraci\u00f3 dels atemptats de l&#8217;agost del 2017"},"content":{"rendered":"<p><img loading=\"lazy\" decoding=\"async\" class=\"alignleft size-full wp-image-9034\" src=\"http:\/\/www.agrupament.cat\/portal\/wp-content\/uploads\/2010\/11\/TMB01.gif\" alt=\"\" width=\"68\" height=\"50\" \/><strong>TMB col\u00b7labora en la log\u00edstica dels actes de reconeixement a les v\u00edctimes aquest divendres al mat\u00ed al centre de Barcelona.<\/strong><\/p>\n<p><strong>Hi haur\u00e0 afectacions temporals en una dotzena de l\u00ednies d&#8217;autob\u00fas i als accessos del metro de Liceu i Catalunya.<\/strong><\/p>\n<p>Amb motiu dels actes en record i solidaritat amb les v\u00edctimes dels atemptats terroristes de l\u2019agost del 2017 a Barcelona i Cambrils, que tindran lloc aquest divendres, 17 d\u2019agost, al mat\u00ed, TMB refor\u00e7ar\u00e0 el servei de metro amb m\u00e9s trens a les l\u00ednies 1, 3 i 5, m\u00e9s personal d\u2019atenci\u00f3 i informaci\u00f3 a les estacions del centre de Barcelona, i m\u00e9s efectius de seguretat.<\/p>\n<p>Durant els actes, entre les 9 del mat\u00ed i les 12 del migdia aproximadament, s\u2019aplicaran restriccions de tr\u00e0nsit a la Rambla i la pla\u00e7a de Catalunya que ocasionaran alteracions o limitacions a l\u00ednies d\u2019autob\u00fas durant unes hores. Les l\u00ednies desviades o limitades en principi seran: D50, H16, V13, V15, 22, 24, 47, 52, 55, 59, 62 i 67, a m\u00e9s de les rutes vermella i blava del Barcelona Bus Tur\u00edstic. A m\u00e9s, en la mateixa franja, en funci\u00f3 de l\u2019aflu\u00e8ncia de persones i seguint indicacions dels responsables de la seguretat p\u00fablica, s\u2019aplicaran tancaments temporals en alguns accessos de les estacions de metro de Liceu i Catalunya.<\/p>\n<p>L\u2019abast de les alteracions es podr\u00e0 seguir en temps real a trav\u00e9s del Twitter @TMBinfo i la secci\u00f3 d\u2019<strong><span style=\"color: #ff0000;\"><a style=\"color: #ff0000;\" href=\"https:\/\/www.tmb.cat\/ca\/servei-metro-bus-barcelona\">estat del servei del web de TMB<\/a><\/span><\/strong>.<\/p>\n<p>D\u2019altra banda, TMB col\u00b7laborar\u00e0 en la log\u00edstica de la commemoraci\u00f3 institucional mitjan\u00e7ant diversos serveis especials d\u2019autob\u00fas per al trasllat dels familiars de les v\u00edctimes entre els diferents escenaris previstos: l\u2019Ajuntament, la Rambla, la pla\u00e7a de Catalunya i el Palauet Alb\u00e9niz. S\u2019hi destinaran set vehicles, entre minibusos, est\u00e0ndard i articulats.<\/p>\n<p>15 d&#8217;agost del 2018<\/p>\n","protected":false},"excerpt":{"rendered":"<p>TMB col\u00b7labora en la log\u00edstica dels actes de reconeixement a les v\u00edctimes aquest divendres al mat\u00ed al centre de Barcelona.<\/p>\n","protected":false},"author":4,"featured_media":0,"comment_status":"closed","ping_status":"open","sticky":false,"template":"","format":"standard","meta":{"footnotes":""},"categories":[],"tags":[25,17,35,111,124,126,109,225,563,56],"class_list":["post-26863","post","type-post","status-publish","format-standard","hentry","tag-actes-congrtesosi-exposicions-fires-i-formacio","tag-afectacions-e-incidencies","tag-barcelona","tag-bus","tag-l01-hospital-de-bellvitge-a-fondo","tag-l03-zona-universitaria-trinitat-nova","tag-l05-vall-dhebron-cornella-centre","tag-metro","tag-reforc-del-servei","tag-metro-barcelona-tmb","comments-off"],"_links":{"self":[{"href":"https:\/\/www.agrupament.cat\/portal\/wp-json\/wp\/v2\/posts\/26863","targetHints":{"allow":["GET"]}}],"collection":[{"href":"https:\/\/www.agrupament.cat\/portal\/wp-json\/wp\/v2\/posts"}],"about":[{"href":"https:\/\/www.agrupament.cat\/portal\/wp-json\/wp\/v2\/types\/post"}],"author":[{"embeddable":true,"href":"https:\/\/www.agrupament.cat\/portal\/wp-json\/wp\/v2\/users\/4"}],"replies":[{"embeddable":true,"href":"https:\/\/www.agrupament.cat\/portal\/wp-json\/wp\/v2\/comments?post=26863"}],"version-history":[{"count":1,"href":"https:\/\/www.agrupament.cat\/portal\/wp-json\/wp\/v2\/posts\/26863\/revisions"}],"predecessor-version":[{"id":26864,"href":"https:\/\/www.agrupament.cat\/portal\/wp-json\/wp\/v2\/posts\/26863\/revisions\/26864"}],"wp:attachment":[{"href":"https:\/\/www.agrupament.cat\/portal\/wp-json\/wp\/v2\/media?parent=26863"}],"wp:term":[{"taxonomy":"category","embeddable":true,"href":"https:\/\/www.agrupament.cat\/portal\/wp-json\/wp\/v2\/categories?post=26863"},{"taxonomy":"post_tag","embeddable":true,"href":"https:\/\/www.agrupament.cat\/portal\/wp-json\/wp\/v2\/tags?post=26863"}],"curies":[{"name":"wp","href":"https:\/\/api.w.org\/{rel}","templated":true}]}}