{"id":26838,"date":"2018-08-10T07:31:05","date_gmt":"2018-08-10T06:31:05","guid":{"rendered":"http:\/\/www.agrupament.cat\/portal\/?p=26838"},"modified":"2018-08-15T07:41:36","modified_gmt":"2018-08-15T06:41:36","slug":"adif-executa-actuacions-de-millora-de-les-installacions-de-seguretat-al-tram-gava-el-prat-de-llobregat","status":"publish","type":"post","link":"https:\/\/www.agrupament.cat\/portal\/2018\/08\/adif-executa-actuacions-de-millora-de-les-installacions-de-seguretat-al-tram-gava-el-prat-de-llobregat\/","title":{"rendered":"Adif executa actuacions de millora de les instal\u00b7lacions de seguretat al tram Gav\u00e0 \u2013 El Prat de Llobregat"},"content":{"rendered":"<p><img loading=\"lazy\" decoding=\"async\" class=\"alignleft  wp-image-9682\" src=\"http:\/\/www.agrupament.cat\/portal\/wp-content\/uploads\/2011\/02\/Adif01.gif\" alt=\"\" width=\"80\" height=\"33\" \/><img loading=\"lazy\" decoding=\"async\" class=\"alignleft  wp-image-11136\" src=\"http:\/\/www.agrupament.cat\/portal\/wp-content\/uploads\/2011\/07\/Renfe02.gif\" alt=\"\" width=\"81\" height=\"34\" \/>\u00b7 Renfe modificar\u00e0 aquest dissabte, 11 d\u2019agost, la programaci\u00f3 dels serveis de Rodalies i Llarga Dist\u00e0ncia que circulen en aquest trajecte.<\/p>\n<p>Barcelona, 9 d\u2019agost de 2018 (Adif i Renfe).<br \/>\nAdif est\u00e0 executant obres de millora de les instal\u00b7lacions de seguretat al tram Gav\u00e0-El Prat de Llobregat. Per tal de garantir la seguretat de l\u2019explotaci\u00f3 ferrovi\u00e0ria i el correcte desenvolupament de les operacions, aquest dissabte 11 d\u2019agost es circular\u00e0 en via \u00fanica en aquest trajecte.<\/p>\n<p>D\u2019aquesta manera, es limita la capacitat operativa, pel que Renfe ha previst la seg\u00fcent modificaci\u00f3 de la programaci\u00f3 dels serveis ferroviaris per aquest dissabte:<\/p>\n<p>A la l\u00ednia R2 sud de rodalia de Barcelona (Sant Vicen\u00e7 de Calders \u2013 Barcelona Estaci\u00f3 de Fran\u00e7a per Vilanova), els viatgers disposaran de 2 trens per hora i sentit, i es modificaran els seus horaris.<\/p>\n<p>Per als trens Regionals (R13, R14, R15 i R16) i de Llarga Dist\u00e0ncia del Corredor Mediterrani es duran a terme desviaments selectius via Vilafranca, recuperant el seu recorregut habitual a Sant Vicen\u00e7 de Calders.<\/p>\n<p>Tota la informaci\u00f3 sobre aquesta modificaci\u00f3 del servei es podr\u00e0 consultar als webs <strong><span style=\"color: #ff9900;\"><a style=\"color: #ff9900;\" href=\"http:\/\/rodalies.gencat.cat\/ca\/inici\/\">www.rodaliesdecatalunya.cat<\/a><\/span><\/strong>, <span style=\"color: #7a2b53;\"><strong><a style=\"color: #7a2b53;\" href=\"http:\/\/www.renfe.com\">www.renfe.com<\/a><\/strong><\/span> i <strong><span style=\"color: #008000;\"><a style=\"color: #008000;\" href=\"http:\/\/www.adif.es\">www.adif.es<\/a><\/span><\/strong> (apartat Estat de la Xarxa), al tel\u00e8fon d\u2019informaci\u00f3 <strong><span style=\"color: #ff9900;\">900 41 00 41<\/span><\/strong>, a les Apps Rodalies de Catalunya i Adif en tu m\u00f3vil, aix\u00ed com a les xarxes socials (@rodalies @renfe i @adif).<\/p>\n<p><strong>Noves instal\u00b7lacions de seguretat<\/strong><br \/>\nLes operacions que est\u00e0 realitzant Adif representen la darrera fase del projecte d\u2019instal\u00b7laci\u00f3 de nous sistemes de gesti\u00f3 de tr\u00e0nsit a les estacions de Gav\u00e0 i Castelldefels, a la l\u00ednia d\u2019ample convencional Barcelona-Vilanova i la Geltr\u00fa-Sant Vicen\u00e7 de Calders, que suposa una inversi\u00f3 superior als 15 milions d\u2019euros.<\/p>\n<p>Aquest projecte permetr\u00e0 dotar a les dues estacions de nous enclavaments electr\u00f2nics de darrera generaci\u00f3 per a la gesti\u00f3 de la circulaci\u00f3 en aquests dos punts que registren una elevada densitat de tr\u00e0nsit.<\/p>\n<p>D\u2019aquesta forma, s\u2019incrementaran de forma significativa els par\u00e0metres de seguretat, disponibilitat, funcionalitat, fiabilitat, efici\u00e8ncia i efic\u00e0cia de l\u2019explotaci\u00f3 ferrovi\u00e0ria, reduint a m\u00e9s la probabilitat d\u2019incid\u00e8ncies vinculades a aquest tipus d\u2019instal\u00b7lacions.<\/p>\n<p>Els enclavaments electr\u00f2nics s\u00f3n elements essencials per a una \u00f2ptima gesti\u00f3 del tr\u00e0nsit ferroviari, ja que s\u00f3n els dispositius que regulen tots els moviments de trens, instal\u00b7lacions de seguretat i comunicacions i de senyalitzaci\u00f3 entre d\u2019altres, en l\u2019\u00e0mbit de les estacions.<\/p>\n<p>A m\u00e9s dels enclavaments electr\u00f2nics, s\u2019instal\u00b7laran nous sistemes videogr\u00e0fics i circuits de via d\u2019audiofreq\u00fc\u00e8ncia en el trajecte El Prat-Garraf, per garantir un major confort per a les circulacions. Tamb\u00e9 es faran adequacions al sistema de senyalitzaci\u00f3, el que permetr\u00e0, un cop finalitzades el conjunt de les operacions durant la propera tardor, incrementar la velocitat dels trens i la capacitat de la l\u00ednia. De forma paral\u00b7lela, es realitzar\u00e0 la integraci\u00f3 dels nous sistemes al CTC (Control de Tr\u00e0nsit Centralitzat) per al seu telecomandament.<\/p>\n<p>El projecte tamb\u00e9 inclou el manteniment de les noves instal\u00b7lacions per un per\u00edode de 20 anys.<\/p>\n","protected":false},"excerpt":{"rendered":"<p>\u00b7 Renfe modificar\u00e0 aquest dissabte, 11 d\u2019agost, la programaci\u00f3 dels serveis de Rodalies i Llarga Dist\u00e0ncia que circulen en aquest<\/p>\n","protected":false},"author":4,"featured_media":19870,"comment_status":"closed","ping_status":"open","sticky":false,"template":"","format":"standard","meta":{"footnotes":""},"categories":[],"tags":[71,17,508,384,19,141,298,188,187,146],"class_list":["post-26838","post","type-post","status-publish","format-standard","has-post-thumbnail","hentry","tag-adif","tag-afectacions-e-incidencies","tag-el-prat-de-llobregat","tag-gava","tag-infraestructures","tag-r02-sant-vicenc-de-calders-a-estacio-de-franca-castelldefels-a-granollers-centre-aeroport-barcelona-a-macanet-massanes","tag-r13","tag-r14-barcelona-estacio-de-franca-lleida-pirineus","tag-r15-barcelona-estacio-de-franca-riba-roja-debre","tag-r16-barcelona-estacio-de-franca-a-tortosa","comments-off"],"_links":{"self":[{"href":"https:\/\/www.agrupament.cat\/portal\/wp-json\/wp\/v2\/posts\/26838","targetHints":{"allow":["GET"]}}],"collection":[{"href":"https:\/\/www.agrupament.cat\/portal\/wp-json\/wp\/v2\/posts"}],"about":[{"href":"https:\/\/www.agrupament.cat\/portal\/wp-json\/wp\/v2\/types\/post"}],"author":[{"embeddable":true,"href":"https:\/\/www.agrupament.cat\/portal\/wp-json\/wp\/v2\/users\/4"}],"replies":[{"embeddable":true,"href":"https:\/\/www.agrupament.cat\/portal\/wp-json\/wp\/v2\/comments?post=26838"}],"version-history":[{"count":1,"href":"https:\/\/www.agrupament.cat\/portal\/wp-json\/wp\/v2\/posts\/26838\/revisions"}],"predecessor-version":[{"id":26839,"href":"https:\/\/www.agrupament.cat\/portal\/wp-json\/wp\/v2\/posts\/26838\/revisions\/26839"}],"wp:featuredmedia":[{"embeddable":true,"href":"https:\/\/www.agrupament.cat\/portal\/wp-json\/wp\/v2\/media\/19870"}],"wp:attachment":[{"href":"https:\/\/www.agrupament.cat\/portal\/wp-json\/wp\/v2\/media?parent=26838"}],"wp:term":[{"taxonomy":"category","embeddable":true,"href":"https:\/\/www.agrupament.cat\/portal\/wp-json\/wp\/v2\/categories?post=26838"},{"taxonomy":"post_tag","embeddable":true,"href":"https:\/\/www.agrupament.cat\/portal\/wp-json\/wp\/v2\/tags?post=26838"}],"curies":[{"name":"wp","href":"https:\/\/api.w.org\/{rel}","templated":true}]}}