{"id":26787,"date":"2018-06-29T08:00:01","date_gmt":"2018-06-29T07:00:01","guid":{"rendered":"http:\/\/www.agrupament.cat\/portal\/?p=26787"},"modified":"2018-06-29T12:02:02","modified_gmt":"2018-06-29T11:02:02","slug":"tmb-intensifica-contactes-amb-la-judicatura-perque-el-grafiti-ferroviari-sigui-tractat-com-a-delicte-de-danys","status":"publish","type":"post","link":"https:\/\/www.agrupament.cat\/portal\/2018\/06\/tmb-intensifica-contactes-amb-la-judicatura-perque-el-grafiti-ferroviari-sigui-tractat-com-a-delicte-de-danys\/","title":{"rendered":"TMB intensifica contactes amb la judicatura perqu\u00e8 el grafiti ferroviari sigui tractat com a delicte de danys"},"content":{"rendered":"<p><img loading=\"lazy\" decoding=\"async\" class=\"alignleft size-full wp-image-9034\" src=\"http:\/\/www.agrupament.cat\/portal\/wp-content\/uploads\/2010\/11\/TMB01.gif\" alt=\"\" width=\"68\" height=\"50\" \/>28 de juny del 2018.- El servei de metro s&#8217;aturar\u00e0 avui simb\u00f2licament a les 12 h i les 20.30 h en demanda de protecci\u00f3 per al transport ferroviari, essencial per a la comunitat.<\/p>\n<p>La Direcci\u00f3 de Transports Metropolitans de Barcelona (TMB) est\u00e0 mantenint reunions amb diferents estaments de la judicatura perqu\u00e8 el problema del grafiti ferroviari es tracti com a un delicte de danys i pugui ser tramitat per la via penal. En aquest sentit, s\u2019han celebrat reunions amb la presid\u00e8ncia de l\u2019Audi\u00e8ncia Provincial de Barcelona i la Fiscalia General de l\u2019Estat. Properament es celebraran trobades amb la Fiscalia de Barcelona i el Deganat dels Jutges.<\/p>\n<p>L\u2019\u00faltima modificaci\u00f3 del Codi Penal ha provocat una situaci\u00f3 de vulnerabilitat, en donar peu a tractar les actuacions dels v\u00e0ndals grafiters com una simple falta administrativa. TMB ent\u00e9n que aquestes actuacions vand\u00e0liques tenen encaix en el delicte de danys, i a m\u00e9s atempten contra la seguretat de les persones, causen un greu perjudici econ\u00f2mic i afecten la prestaci\u00f3 del servei ferroviari.<\/p>\n<p>En aquest sentit, el servei de metro de TMB s\u2019aturar\u00e0 avui dos minuts, a les 12 del migdia i a les 20.30 del vespre, com a mostra de rebuig per la viol\u00e8ncia que els grups de v\u00e0ndals grafiters exerceixen contra el transport p\u00fablic, amb afectaci\u00f3 a les persones que hi treballen, en forma d\u2019amenaces, intimidacions i agressions. Les aturades simb\u00f2liques tindran lloc a proposta del Comit\u00e8 d\u2019Empresa de Metro.<\/p>\n<p>TMB, a m\u00e9s d\u2019aplicar les mesures de prevenci\u00f3 i seguretat al seu abast, est\u00e0 actuant de manera concertada amb les empreses ferrovi\u00e0ries agrupades a l\u2019Observatori del Civisme per influir en els \u00e0mbits de decisi\u00f3 en qu\u00e8 es poden adoptar mesures de protecci\u00f3 efectiva del transport p\u00fablic massiu, com a servei essencial per a la comunitat que \u00e9s.<\/p>\n<p>Les intrusions de v\u00e0ndals grafiters s\u00f3n actualment el principal problema de seguretat per als operadors ferroviaris a Espanya, amb creixents implicacions socials, mediambientals, laborals i econ\u00f2miques.<\/p>\n","protected":false},"excerpt":{"rendered":"<p>28 de juny del 2018.- El servei de metro s&#8217;aturar\u00e0 avui simb\u00f2licament a les 12 h i les 20.30 h<\/p>\n","protected":false},"author":4,"featured_media":18635,"comment_status":"closed","ping_status":"open","sticky":false,"template":"","format":"standard","meta":{"footnotes":""},"categories":[],"tags":[17,35,225,56],"class_list":["post-26787","post","type-post","status-publish","format-standard","has-post-thumbnail","hentry","tag-afectacions-e-incidencies","tag-barcelona","tag-metro","tag-metro-barcelona-tmb","comments-off"],"_links":{"self":[{"href":"https:\/\/www.agrupament.cat\/portal\/wp-json\/wp\/v2\/posts\/26787","targetHints":{"allow":["GET"]}}],"collection":[{"href":"https:\/\/www.agrupament.cat\/portal\/wp-json\/wp\/v2\/posts"}],"about":[{"href":"https:\/\/www.agrupament.cat\/portal\/wp-json\/wp\/v2\/types\/post"}],"author":[{"embeddable":true,"href":"https:\/\/www.agrupament.cat\/portal\/wp-json\/wp\/v2\/users\/4"}],"replies":[{"embeddable":true,"href":"https:\/\/www.agrupament.cat\/portal\/wp-json\/wp\/v2\/comments?post=26787"}],"version-history":[{"count":1,"href":"https:\/\/www.agrupament.cat\/portal\/wp-json\/wp\/v2\/posts\/26787\/revisions"}],"predecessor-version":[{"id":26788,"href":"https:\/\/www.agrupament.cat\/portal\/wp-json\/wp\/v2\/posts\/26787\/revisions\/26788"}],"wp:featuredmedia":[{"embeddable":true,"href":"https:\/\/www.agrupament.cat\/portal\/wp-json\/wp\/v2\/media\/18635"}],"wp:attachment":[{"href":"https:\/\/www.agrupament.cat\/portal\/wp-json\/wp\/v2\/media?parent=26787"}],"wp:term":[{"taxonomy":"category","embeddable":true,"href":"https:\/\/www.agrupament.cat\/portal\/wp-json\/wp\/v2\/categories?post=26787"},{"taxonomy":"post_tag","embeddable":true,"href":"https:\/\/www.agrupament.cat\/portal\/wp-json\/wp\/v2\/tags?post=26787"}],"curies":[{"name":"wp","href":"https:\/\/api.w.org\/{rel}","templated":true}]}}