{"id":26616,"date":"2018-06-02T00:05:53","date_gmt":"2018-06-01T23:05:53","guid":{"rendered":"http:\/\/www.agrupament.cat\/portal\/?p=26616"},"modified":"2018-06-02T05:06:19","modified_gmt":"2018-06-02T04:06:19","slug":"dia-de-lassociacionisme-cultural","status":"publish","type":"post","link":"https:\/\/www.agrupament.cat\/portal\/2018\/06\/dia-de-lassociacionisme-cultural\/","title":{"rendered":"Festa del comer\u00e7 al carrer, Sant Andreu de Palomar. Dia de l&#8217;Associacionisme Cultural"},"content":{"rendered":"<p><img loading=\"lazy\" decoding=\"async\" class=\"alignleft wp-image-26617\" src=\"http:\/\/www.agrupament.cat\/portal\/wp-content\/uploads\/2018\/05\/I_logo_DASC.jpg\" alt=\"\" width=\"101\" height=\"46\" srcset=\"https:\/\/www.agrupament.cat\/portal\/wp-content\/uploads\/2018\/05\/I_logo_DASC.jpg 420w, https:\/\/www.agrupament.cat\/portal\/wp-content\/uploads\/2018\/05\/I_logo_DASC-300x137.jpg 300w, https:\/\/www.agrupament.cat\/portal\/wp-content\/uploads\/2018\/05\/I_logo_DASC-350x160.jpg 350w\" sizes=\"auto, (max-width: 101px) 100vw, 101px\" \/>El 27 de maig de 2014 el Govern va declarar el 4 de juny Dia de l\u2019Associacionisme Cultural (DASC), instaurant aix\u00ed una jornada dedicada a posar en valor el pes i la for\u00e7a de l\u2019associacionisme cultural catal\u00e0. La data rememora el 4 de juny de 1864 quan va comen\u00e7ar el quart Festival Euterpe, organitzat en format concurs per la Societat Coral Euterpe, sota la direcci\u00f3 general de Josep Anselm Clav\u00e9. El festival va durar tres dies i va representar el moment de m\u00e0xima esplendor del moviment coral d\u2019en Clav\u00e9. La declaraci\u00f3 s\u2019emmarca en l\u2019acompliment del Pla de l\u2019Associacionisme Cultural que ha impulsat el Departament de Cultura de la Generalitat de Catalunya.<\/p>\n<p><strong>Jornades de portes obertes al equipaments culturals associatius<\/strong><\/p>\n<table style=\"width: 574px;\">\n<tbody>\n<tr>\n<td style=\"width: 130.6px;\"><em>Nom entitat:<\/em><\/td>\n<td style=\"width: 432.4px;\"><strong>Agrupament Ferroviari de Barcelona<\/strong><\/td>\n<\/tr>\n<tr>\n<td style=\"width: 130.6px;\"><em>Activitat:<\/em><\/td>\n<td style=\"width: 432.4px;\">\u00a0<strong>Jornada de portes obertes a l&#8217;Agrupament Ferroviari de Barcelona<\/strong><\/td>\n<\/tr>\n<tr>\n<td style=\"width: 130.6px;\"><em>Descripci\u00f3:<\/em><\/td>\n<td style=\"width: 432.4px;\">\u00a0L&#8217;Agrupament Ferroviari de Barcelona obre les portes del seu nou local a ve\u00efns i afeccionats per a que ens puguin con\u00e8ixer i veure les nostres maquetes i material ferroviari hist\u00f2ric.<br \/>\nA m\u00e9s, coincidint amb la Festa del Comer\u00e7 al carrer a la Rambla d&#8217;Onze de Setembre, hi instal\u00b7larem una carpa amb trens de joguina per a nens\/es\u00a0 i exposarem el tren de cinc polzades per a que la mainada hi pugui pujar.<\/td>\n<\/tr>\n<tr>\n<td style=\"width: 130.6px;\"><em>Dates i horaris<\/em><\/td>\n<td style=\"width: 432.4px;\">Dissabte\u00a0 dia 2 de juny de 10:00 a 20:00h<\/td>\n<\/tr>\n<tr>\n<td style=\"width: 130.6px;\"><em>Adre\u00e7a\u00a0<\/em><\/td>\n<td style=\"width: 432.4px;\">carrer Virgili, 45, E &#8211; 08030 Barcelona<\/td>\n<\/tr>\n<\/tbody>\n<\/table>\n<p>M\u00e9s informaci\u00f3:\u00a0 <span style=\"color: #000000;\"><strong><a style=\"color: #000000;\" href=\"http:\/\/cultura.gencat.cat\/ca\/departament\/estructura_i_adreces\/organismes\/dgcpt\/03_associacionisme\/05_Dia-Associacionisme\/\">Departament de Cultura de la Generalitat de Catalunya. Dia de l&#8217;Associacionisme.<\/a><\/strong><\/span><\/p>\n<p><strong><a href=\"https:\/\/ajuntament.barcelona.cat\/santandreu\/ca\/noticia\/festa-del-comerc-al-districte_667974\"><span style=\"color: #000000;\">Ajuntament de Barcelona. Districte de Sant Andreu<\/span><\/a><\/strong><\/p>\n","protected":false},"excerpt":{"rendered":"<p>El 27 de maig de 2014 el Govern va declarar el 4 de juny Dia de l\u2019Associacionisme Cultural (DASC), instaurant<\/p>\n","protected":false},"author":4,"featured_media":26663,"comment_status":"closed","ping_status":"open","sticky":false,"template":"","format":"standard","meta":{"footnotes":""},"categories":[],"tags":[257,25,3,36,148,90,128,716,5,2],"class_list":["post-26616","post","type-post","status-publish","format-standard","has-post-thumbnail","hentry","tag-5-polzades","tag-actes-congrtesosi-exposicions-fires-i-formacio","tag-associacions-federacions-fundacions","tag-catalunya","tag-escala-g","tag-escala-ho","tag-escala-n","tag-generalitat-de-catalunya-cultura","tag-modelisme-i-accesoris","tag-sant-andreu-districte","comments-off"],"_links":{"self":[{"href":"https:\/\/www.agrupament.cat\/portal\/wp-json\/wp\/v2\/posts\/26616","targetHints":{"allow":["GET"]}}],"collection":[{"href":"https:\/\/www.agrupament.cat\/portal\/wp-json\/wp\/v2\/posts"}],"about":[{"href":"https:\/\/www.agrupament.cat\/portal\/wp-json\/wp\/v2\/types\/post"}],"author":[{"embeddable":true,"href":"https:\/\/www.agrupament.cat\/portal\/wp-json\/wp\/v2\/users\/4"}],"replies":[{"embeddable":true,"href":"https:\/\/www.agrupament.cat\/portal\/wp-json\/wp\/v2\/comments?post=26616"}],"version-history":[{"count":5,"href":"https:\/\/www.agrupament.cat\/portal\/wp-json\/wp\/v2\/posts\/26616\/revisions"}],"predecessor-version":[{"id":26677,"href":"https:\/\/www.agrupament.cat\/portal\/wp-json\/wp\/v2\/posts\/26616\/revisions\/26677"}],"wp:featuredmedia":[{"embeddable":true,"href":"https:\/\/www.agrupament.cat\/portal\/wp-json\/wp\/v2\/media\/26663"}],"wp:attachment":[{"href":"https:\/\/www.agrupament.cat\/portal\/wp-json\/wp\/v2\/media?parent=26616"}],"wp:term":[{"taxonomy":"category","embeddable":true,"href":"https:\/\/www.agrupament.cat\/portal\/wp-json\/wp\/v2\/categories?post=26616"},{"taxonomy":"post_tag","embeddable":true,"href":"https:\/\/www.agrupament.cat\/portal\/wp-json\/wp\/v2\/tags?post=26616"}],"curies":[{"name":"wp","href":"https:\/\/api.w.org\/{rel}","templated":true}]}}