{"id":26549,"date":"2018-05-10T07:48:52","date_gmt":"2018-05-10T06:48:52","guid":{"rendered":"http:\/\/www.agrupament.cat\/portal\/?p=26549"},"modified":"2018-05-10T07:48:52","modified_gmt":"2018-05-10T06:48:52","slug":"renfe-reforca-els-seus-serveis-ave-amb-mes-de-3-000-places-per-la-celebracio-temps-de-flors-a-girona","status":"publish","type":"post","link":"https:\/\/www.agrupament.cat\/portal\/2018\/05\/renfe-reforca-els-seus-serveis-ave-amb-mes-de-3-000-places-per-la-celebracio-temps-de-flors-a-girona\/","title":{"rendered":"Renfe refor\u00e7a els seus serveis Ave amb m\u00e9s de 3.000 places per la celebraci\u00f3 Temps de Flors a Girona"},"content":{"rendered":"<p><img loading=\"lazy\" decoding=\"async\" class=\"alignleft size-full wp-image-11136\" src=\"http:\/\/www.agrupament.cat\/portal\/wp-content\/uploads\/2011\/07\/Renfe02.gif\" alt=\"\" width=\"83\" height=\"35\" \/>Entre el 12 i el 20 de maig<br \/>\n\u00b7 Els dos caps de setmana, Renfe ha programat la circulaci\u00f3 d\u2019un total de vuit trens especials entre Barcelona i Girona<\/p>\n<p>Girona, 9 de maig de 2018 (Renfe).<br \/>\nRenfe ha programat un dispositiu especial amb motiu de la celebraci\u00f3 de Temps de Flors a Girona entre el 12 i el 21 de maig. Durant aquest dies, Renfe refor\u00e7ar\u00e0 els seus trens d\u2019Alta Velocitat amb m\u00e9s de 3.000 places addicionals, les quals corresponen a la circulaci\u00f3 de vuit trens especials entre Barcelona i Girona.<\/p>\n<p>Per a facilitar el despla\u00e7ament des de Barcelona durant els dos caps de setmana, els dies 12, 13, 19 i 20 de maig, Renfe augmentar\u00e0 la seva oferta d\u2019Alta Velocitat amb un tren especial per sentit. L\u2019horari d\u2019aquests serveis ser\u00e0:<\/p>\n<p><span style=\"color: #800080;\"><strong>\u00b7 Barcelona Sants (10.15) &#8211; Girona (10.55)<\/strong><\/span><br \/>\n<span style=\"color: #800080;\"><strong>\u00b7 Girona (21.15) &#8211; Barcelona Sants (21.54)<\/strong><\/span><\/p>\n<p>A m\u00e9s, Renfe ha dissenyat una campanya comercial per incentivar els despla\u00e7aments des de Madrid o Saragossa fins a Girona amb preus des de 61,30 i 20,90 euros respectivament.<\/p>\n<p><strong>100.000 places a Rodalies de Catalunya<\/strong><br \/>\nA m\u00e9s dels serveis Ave de Renfe, entre el 12 i el 20 de maig, Rodalies de Catalunya ofereix un total de 100.000 places als serveis entre Barcelona i Girona. Els clients disposen dels serveis de les l\u00ednies R11 (Barcelona Sants \u2013 Portbou per Girona) i RG1 (Portbou\/Figueres \u2013 Blanes Matar\u00f3) per arribar a Girona.<\/p>\n<p>Aquest serveis especials es sumen a l\u2019oferta de Renfe a Girona amb un els serveis d\u2019Alta Velocitat que connecten la ciutat de Girona amb Barcelona en un temps de viatge de 38 minuts.<\/p>\n<p>Tota la informaci\u00f3 sobre horaris i itineraris a <span style=\"color: #800080;\"><strong><a style=\"color: #800080;\" href=\"http:\/\/www.renfe.com\">renfe.com<\/a><\/strong><\/span> i a <strong><span style=\"color: #ff6600;\"><a style=\"color: #ff6600;\" href=\"http:\/\/rodalies.gencat.cat\/es\/inici\/\">rodaliesdecatlaunya.cat<\/a><\/span><\/strong> aix\u00ed com tamb\u00e9 a trav\u00e9s dels horaris d\u2019informaci\u00f3 i atenci\u00f3 al client <strong><span style=\"color: #800080;\">912 320 320<\/span><\/strong> i al tel\u00e8fon d\u2019informaci\u00f3 de Rodalies <strong><span style=\"color: #ff9900;\">900 41 00 41.<\/span><\/strong><\/p>\n","protected":false},"excerpt":{"rendered":"<p>Entre el 12 i el 20 de maig \u00b7 Els dos caps de setmana, Renfe ha programat la circulaci\u00f3 d\u2019un<\/p>\n","protected":false},"author":4,"featured_media":26550,"comment_status":"closed","ping_status":"open","sticky":false,"template":"","format":"standard","meta":{"footnotes":""},"categories":[],"tags":[25,41,34,45],"class_list":["post-26549","post","type-post","status-publish","format-standard","has-post-thumbnail","hentry","tag-actes-congrtesosi-exposicions-fires-i-formacio","tag-ave","tag-girona","tag-regionals-media-distancia","comments-off"],"_links":{"self":[{"href":"https:\/\/www.agrupament.cat\/portal\/wp-json\/wp\/v2\/posts\/26549","targetHints":{"allow":["GET"]}}],"collection":[{"href":"https:\/\/www.agrupament.cat\/portal\/wp-json\/wp\/v2\/posts"}],"about":[{"href":"https:\/\/www.agrupament.cat\/portal\/wp-json\/wp\/v2\/types\/post"}],"author":[{"embeddable":true,"href":"https:\/\/www.agrupament.cat\/portal\/wp-json\/wp\/v2\/users\/4"}],"replies":[{"embeddable":true,"href":"https:\/\/www.agrupament.cat\/portal\/wp-json\/wp\/v2\/comments?post=26549"}],"version-history":[{"count":1,"href":"https:\/\/www.agrupament.cat\/portal\/wp-json\/wp\/v2\/posts\/26549\/revisions"}],"predecessor-version":[{"id":26551,"href":"https:\/\/www.agrupament.cat\/portal\/wp-json\/wp\/v2\/posts\/26549\/revisions\/26551"}],"wp:featuredmedia":[{"embeddable":true,"href":"https:\/\/www.agrupament.cat\/portal\/wp-json\/wp\/v2\/media\/26550"}],"wp:attachment":[{"href":"https:\/\/www.agrupament.cat\/portal\/wp-json\/wp\/v2\/media?parent=26549"}],"wp:term":[{"taxonomy":"category","embeddable":true,"href":"https:\/\/www.agrupament.cat\/portal\/wp-json\/wp\/v2\/categories?post=26549"},{"taxonomy":"post_tag","embeddable":true,"href":"https:\/\/www.agrupament.cat\/portal\/wp-json\/wp\/v2\/tags?post=26549"}],"curies":[{"name":"wp","href":"https:\/\/api.w.org\/{rel}","templated":true}]}}