{"id":26173,"date":"2018-03-08T10:00:42","date_gmt":"2018-03-08T09:00:42","guid":{"rendered":"http:\/\/www.agrupament.cat\/portal\/?p=26173"},"modified":"2018-03-09T20:04:01","modified_gmt":"2018-03-09T19:04:01","slug":"dues-terceres-parts-de-les-linies-dautobus-afectades-per-la-marato-de-barcelona-2018","status":"publish","type":"post","link":"https:\/\/www.agrupament.cat\/portal\/2018\/03\/dues-terceres-parts-de-les-linies-dautobus-afectades-per-la-marato-de-barcelona-2018\/","title":{"rendered":"Dues terceres parts de les l\u00ednies d&#8217;autob\u00fas, afectades per la Marat\u00f3 de Barcelona 2018"},"content":{"rendered":"<p><img loading=\"lazy\" decoding=\"async\" class=\"alignleft size-full wp-image-9034\" src=\"http:\/\/www.agrupament.cat\/portal\/wp-content\/uploads\/2010\/11\/TMB01.gif\" alt=\"\" width=\"68\" height=\"50\" \/>7 de mar\u00e7 del 2018.- El metro garantir\u00e0 la mobilitat durant el pas de la cursa, diumenge al mat\u00ed<\/p>\n<p>Amb motiu de la celebraci\u00f3 de la 40a edici\u00f3 de la Zurich Marat\u00f3 de Barcelona, que tindr\u00e0 lloc el proper diumenge, 11 de mar\u00e7, dues terceres parts de les l\u00ednies d\u2019autobusos de Transports Metropolitans de Barcelona (TMB) que transcorren pel sector central de la ciutat veuran alterat o limitat el recorregut entre les 8.30 i les 15.00 hores. Per aquesta ra\u00f3, TMB recomana l\u2019\u00fas del metro en aquesta franja hor\u00e0ria i en els despla\u00e7aments per l\u2019entorn dels llocs per on transcorrer\u00e0 la competici\u00f3.<\/p>\n<p>La Marat\u00f3, que diumenge al mat\u00ed afectar\u00e0 tot el tr\u00e0nsit de superf\u00edcie per on es desenvolupi, sortir\u00e0 de l\u2019avinguda Maria Cristina i passar\u00e0 pels llocs m\u00e9s emblem\u00e0tics de Barcelona.<\/p>\n<p>Tot plegat provocar\u00e0 afectacions en gaireb\u00e9 una seixantena de l\u00ednies de bus de TMB de les 91 que circulen en festiu: D20, D40, H6, H8, H10, H12, H14, H16, V3, V5, V7, V11, V13, V15, V17, V21, V27, V29, V31, 6, 7, 11, 13, 19, 21, 22, 24, 27, 33, 34, 39, 41, 45, 46, 47, 50, 51, 54, 55, 59, 62, 63, 65, 66, 67, 78, 79, 92, 96, 104, 08109, 113, 115, 120, 121, 122, 136, 150 i 192, m\u00e9s la ruta vermella i la ruta blava del Barcelona Bus Tur\u00edstic.<\/p>\n<p>Per a m\u00e9s informaci\u00f3 es pot consultar l\u2019av\u00eds corresponent a la <strong><span style=\"color: #ff0000;\"><a style=\"color: #ff0000;\" href=\"https:\/\/www.tmb.cat\/ca\/servei-metro-bus-barcelona\">secci\u00f3 d\u2019estat del servei del web de TMB<\/a><\/span><\/strong> i el web de la Marat\u00f3 de Barcelona.<\/p>\n","protected":false},"excerpt":{"rendered":"<p>7 de mar\u00e7 del 2018.- El metro garantir\u00e0 la mobilitat durant el pas de la cursa, diumenge al mat\u00ed Amb<\/p>\n","protected":false},"author":4,"featured_media":26170,"comment_status":"closed","ping_status":"open","sticky":false,"template":"","format":"standard","meta":{"footnotes":""},"categories":[],"tags":[25,17,35,111,225,56],"class_list":["post-26173","post","type-post","status-publish","format-standard","has-post-thumbnail","hentry","tag-actes-congrtesosi-exposicions-fires-i-formacio","tag-afectacions-e-incidencies","tag-barcelona","tag-bus","tag-metro","tag-metro-barcelona-tmb","comments-off"],"_links":{"self":[{"href":"https:\/\/www.agrupament.cat\/portal\/wp-json\/wp\/v2\/posts\/26173","targetHints":{"allow":["GET"]}}],"collection":[{"href":"https:\/\/www.agrupament.cat\/portal\/wp-json\/wp\/v2\/posts"}],"about":[{"href":"https:\/\/www.agrupament.cat\/portal\/wp-json\/wp\/v2\/types\/post"}],"author":[{"embeddable":true,"href":"https:\/\/www.agrupament.cat\/portal\/wp-json\/wp\/v2\/users\/4"}],"replies":[{"embeddable":true,"href":"https:\/\/www.agrupament.cat\/portal\/wp-json\/wp\/v2\/comments?post=26173"}],"version-history":[{"count":1,"href":"https:\/\/www.agrupament.cat\/portal\/wp-json\/wp\/v2\/posts\/26173\/revisions"}],"predecessor-version":[{"id":26174,"href":"https:\/\/www.agrupament.cat\/portal\/wp-json\/wp\/v2\/posts\/26173\/revisions\/26174"}],"wp:featuredmedia":[{"embeddable":true,"href":"https:\/\/www.agrupament.cat\/portal\/wp-json\/wp\/v2\/media\/26170"}],"wp:attachment":[{"href":"https:\/\/www.agrupament.cat\/portal\/wp-json\/wp\/v2\/media?parent=26173"}],"wp:term":[{"taxonomy":"category","embeddable":true,"href":"https:\/\/www.agrupament.cat\/portal\/wp-json\/wp\/v2\/categories?post=26173"},{"taxonomy":"post_tag","embeddable":true,"href":"https:\/\/www.agrupament.cat\/portal\/wp-json\/wp\/v2\/tags?post=26173"}],"curies":[{"name":"wp","href":"https:\/\/api.w.org\/{rel}","templated":true}]}}