{"id":26106,"date":"2018-02-19T16:55:35","date_gmt":"2018-02-19T15:55:35","guid":{"rendered":"http:\/\/www.agrupament.cat\/portal\/?p=26106"},"modified":"2018-02-19T16:55:35","modified_gmt":"2018-02-19T15:55:35","slug":"fgc-reforca-el-seu-servei-durant-el-mobile-world-congress-2","status":"publish","type":"post","link":"https:\/\/www.agrupament.cat\/portal\/2018\/02\/fgc-reforca-el-seu-servei-durant-el-mobile-world-congress-2\/","title":{"rendered":"FGC refor\u00e7a el seu servei durant el Mobile World Congress"},"content":{"rendered":"<p><img loading=\"lazy\" decoding=\"async\" class=\"alignleft size-full wp-image-6612\" src=\"http:\/\/www.agrupament.cat\/portal\/wp-content\/uploads\/2010\/03\/FGC23.gif\" alt=\"\" width=\"96\" height=\"33\" \/>19\/02\/2018.- Ferrocarrils incrementa les circulacions de trens i dobla la capacitat dels combois per absorbir la demana generada pel congr\u00e9s de m\u00f2bils.<br \/>\nS\u2019han establert plans de conting\u00e8ncia a les estacions coordinats amb Mossos d\u2019Esquadra, GSMA i Fira Barcelona per fer front a les diverses incid\u00e8ncies de mobilitat que puguin sorgir.<br \/>\nFGC tornar\u00e0 a ser el transport de refer\u00e8ncia per arribar al congr\u00e9s i per enlla\u00e7ar els dos recintes firals de Fira Barcelona<\/p>\n<p><span style=\"color: #ff6600;\"><strong><a style=\"color: #ff6600;\" href=\"http:\/\/www.fgc.cat\/cat\/index.asp\">Ferrocarrils de la Generalitat de Catalunya<\/a> <\/strong><\/span>es prepara, un any m\u00e9s, per ser el mitj\u00e0 de transport de refer\u00e8ncia per connectar els recintes firals de Pla\u00e7a Espanya i de Fira Gran Via a L\u2019Hospitalet de Llobregat durant la tretzena edici\u00f3 del <span style=\"color: #ff0000;\"><strong><a style=\"color: #ff0000;\" href=\"https:\/\/www.mobileworldcongress.com\/about\/\">Mobile World Congress<\/a><\/strong><\/span>, que se celebrar\u00e0 a Barcelona del 26 de febrer al 1 de mar\u00e7.<br \/>\nEl Metro del Baix Llobregat, que uneix els dos punts neur\u00e0lgics del congr\u00e9s en nom\u00e9s sis minuts de trajecte, es converteix aquests quatre dies en una fast line i en la via m\u00e9s directa per arribar al centre de Barcelona. L\u2019operatiu de refor\u00e7 que ha dissenyat FGC consisteix principalment en: incrementar les circulacions de trens a la l\u00ednia L8 (Mol\u00ed Nou Ciutat Cooperativa) en 30 circulacions di\u00e0ries, doblar la capacitat de la resta de combois passant dels tres als sis cotxes, redissenyar la mobilitat en els vest\u00edbuls de les estacions de Pl. Espanya i Europa | Fira per absorbir aquesta demanda i refor\u00e7ar l\u2019atenci\u00f3 al client amb m\u00e9s personal, senyalitzaci\u00f3, megafonia espec\u00edfica i xarxes socials.<\/p>\n<p>Aquest dispositiu est\u00e0 enfocat a donar el millor servei possible per facilitar la mobilitat dels congressistes i dels clients habituals de la l\u00ednia Llobregat-Anoia, dissenyat per mantenir la m\u00e0xima capacitat als trens amb 8.000 persones\/hora. Tenint en compte les previsions d\u2019assist\u00e8ncia de congressistes fetes per Fira de Barcelona i GSMA, amb l\u2019operatiu de refor\u00e7 s\u2019intenta donar servei als m\u00e0xims clients possibles garantint en tot moment la seguretat i el confort dels usuaris.<\/p>\n<p>A m\u00e9s, FGC ha establert diferents plans de conting\u00e8ncia a les estacions, coordinats amb Mossos d\u2019Esquadra, GSMA i Fira Barcelona, que contemplen els diferents escenaris i actuacions necess\u00e0ries per fer front a les diverses incid\u00e8ncies de mobilitat i seguretat que puguin sorgir. En aquest sentit, el dispositiu a les estacions comptar\u00e0 amb equips mixtos de personal propi d\u2019FGC, dirigint les operacions, i d\u2019efectius personals d\u2019atenci\u00f3 als congressistes, dependents de la pr\u00f2pia organitzaci\u00f3 del GSMA.<\/p>\n<p>Com en edicions anteriors, s\u2019espera que siguin molts els congressistes que escullin FGC per fer el trajecte d\u2019anada i tornada entre les estacions de Pl. Espanya i Europa | Fira. A l\u2019\u00faltima edici\u00f3, la de 2017, el congr\u00e9s va incrementar el moviment de viatgers entre les dues estacions en un 132% transportant 184.298 viatgers.<\/p>\n","protected":false},"excerpt":{"rendered":"<p>19\/02\/2018.- Ferrocarrils incrementa les circulacions de trens i dobla la capacitat dels combois per absorbir la demana generada pel congr\u00e9s<\/p>\n","protected":false},"author":4,"featured_media":26107,"comment_status":"closed","ping_status":"open","sticky":false,"template":"","format":"standard","meta":{"footnotes":""},"categories":[],"tags":[25,47,190,105],"class_list":["post-26106","post","type-post","status-publish","format-standard","has-post-thumbnail","hentry","tag-actes-congrtesosi-exposicions-fires-i-formacio","tag-fgc-ferrocarrils-de-la-generalitat-de-catalunya","tag-lhospitalet-de-llobregat","tag-linea-llobregat-anoia","comments-off"],"_links":{"self":[{"href":"https:\/\/www.agrupament.cat\/portal\/wp-json\/wp\/v2\/posts\/26106","targetHints":{"allow":["GET"]}}],"collection":[{"href":"https:\/\/www.agrupament.cat\/portal\/wp-json\/wp\/v2\/posts"}],"about":[{"href":"https:\/\/www.agrupament.cat\/portal\/wp-json\/wp\/v2\/types\/post"}],"author":[{"embeddable":true,"href":"https:\/\/www.agrupament.cat\/portal\/wp-json\/wp\/v2\/users\/4"}],"replies":[{"embeddable":true,"href":"https:\/\/www.agrupament.cat\/portal\/wp-json\/wp\/v2\/comments?post=26106"}],"version-history":[{"count":1,"href":"https:\/\/www.agrupament.cat\/portal\/wp-json\/wp\/v2\/posts\/26106\/revisions"}],"predecessor-version":[{"id":26108,"href":"https:\/\/www.agrupament.cat\/portal\/wp-json\/wp\/v2\/posts\/26106\/revisions\/26108"}],"wp:featuredmedia":[{"embeddable":true,"href":"https:\/\/www.agrupament.cat\/portal\/wp-json\/wp\/v2\/media\/26107"}],"wp:attachment":[{"href":"https:\/\/www.agrupament.cat\/portal\/wp-json\/wp\/v2\/media?parent=26106"}],"wp:term":[{"taxonomy":"category","embeddable":true,"href":"https:\/\/www.agrupament.cat\/portal\/wp-json\/wp\/v2\/categories?post=26106"},{"taxonomy":"post_tag","embeddable":true,"href":"https:\/\/www.agrupament.cat\/portal\/wp-json\/wp\/v2\/tags?post=26106"}],"curies":[{"name":"wp","href":"https:\/\/api.w.org\/{rel}","templated":true}]}}