{"id":26045,"date":"2018-02-09T09:40:52","date_gmt":"2018-02-09T08:40:52","guid":{"rendered":"http:\/\/www.agrupament.cat\/portal\/?p=26045"},"modified":"2018-02-09T09:40:52","modified_gmt":"2018-02-09T08:40:52","slug":"afectacions-a-les-linies-dautobusos-per-la-celebracio-del-carnaval-als-diferents-barris-de-barcelona-2","status":"publish","type":"post","link":"https:\/\/www.agrupament.cat\/portal\/2018\/02\/afectacions-a-les-linies-dautobusos-per-la-celebracio-del-carnaval-als-diferents-barris-de-barcelona-2\/","title":{"rendered":"Afectacions a les l\u00ednies d\u2019autobusos per la celebraci\u00f3 del Carnaval als diferents barris de Barcelona"},"content":{"rendered":"<p>08 de febrer del 2018.- <strong>TMB recomana el metro com a alternativa aquest dissabte a la tarda<\/strong><\/p>\n<p>Amb motiu de la celebraci\u00f3 de les rues de Carnaval a la majoria de barris de la ciutat de Barcelona aquest dissabte, 10 de febrer, Transports Metropolitans de Barcelona (TMB) recomana l\u2019\u00fas del metro per despla\u00e7ar-se als diferents punts on tindran lloc les activitats programades. Dissabte el servei de metro funciona durant tota la nit.<\/p>\n<p>Les m\u00faltiples desfilades i celebracions de Carnestoltes a la ciutat restringiran el tr\u00e0nsit dels vehicles privats i afectaran una seixantena de l\u00ednies d\u2019autob\u00fas de TMB, que modificaran o limitaran el recorregut dissabte entre les 15 i les 22 hores, aproximadament.<\/p>\n<p>Les l\u00ednies d\u2019autob\u00fas de TMB que poden patir afectacions s\u00f3n: <strong>D20, D40, H4, H6, H8, H10, H14, H16, V3, V5, V11, V17, V21, V27, V29, V31, 6, 11, 13, 19, 21, 22, 24, 33, 34, 39, 42, 45, 47, 50, 51, 54, 55, 59, 62, 63, 65, 67, 68, 70, 76, 78, 92, 94, 95, 96, 102, 109, 114, 115, 119, 120, 122, 125, 126, 127, 129, 132, 136, 155, 157, 185 i 192.<\/strong> \u00c9s per aix\u00f2 que el metro ser\u00e0 el transport idoni per facilitar la mobilitat dels ciutadans aquest dissabte a la tarda.<\/p>\n<p>Per a m\u00e9s informaci\u00f3 es podr\u00e0 consultar l\u2019av\u00eds corresponent a la <span style=\"color: #ff0000;\"><strong><a style=\"color: #ff0000;\" href=\"https:\/\/www.tmb.cat\/ca\/servei-metro-bus-barcelona\">secci\u00f3 d\u2019estat del servei del web de TMB.<\/a><\/strong><\/span><br \/>\n&#8211;<\/p>\n","protected":false},"excerpt":{"rendered":"<p>08 de febrer del 2018.- TMB recomana el metro com a alternativa aquest dissabte a la tarda Amb motiu de<\/p>\n","protected":false},"author":4,"featured_media":17599,"comment_status":"closed","ping_status":"open","sticky":false,"template":"","format":"standard","meta":{"footnotes":""},"categories":[],"tags":[25,17,35,111,56],"class_list":["post-26045","post","type-post","status-publish","format-standard","has-post-thumbnail","hentry","tag-actes-congrtesosi-exposicions-fires-i-formacio","tag-afectacions-e-incidencies","tag-barcelona","tag-bus","tag-metro-barcelona-tmb","comments-off"],"_links":{"self":[{"href":"https:\/\/www.agrupament.cat\/portal\/wp-json\/wp\/v2\/posts\/26045","targetHints":{"allow":["GET"]}}],"collection":[{"href":"https:\/\/www.agrupament.cat\/portal\/wp-json\/wp\/v2\/posts"}],"about":[{"href":"https:\/\/www.agrupament.cat\/portal\/wp-json\/wp\/v2\/types\/post"}],"author":[{"embeddable":true,"href":"https:\/\/www.agrupament.cat\/portal\/wp-json\/wp\/v2\/users\/4"}],"replies":[{"embeddable":true,"href":"https:\/\/www.agrupament.cat\/portal\/wp-json\/wp\/v2\/comments?post=26045"}],"version-history":[{"count":1,"href":"https:\/\/www.agrupament.cat\/portal\/wp-json\/wp\/v2\/posts\/26045\/revisions"}],"predecessor-version":[{"id":26046,"href":"https:\/\/www.agrupament.cat\/portal\/wp-json\/wp\/v2\/posts\/26045\/revisions\/26046"}],"wp:featuredmedia":[{"embeddable":true,"href":"https:\/\/www.agrupament.cat\/portal\/wp-json\/wp\/v2\/media\/17599"}],"wp:attachment":[{"href":"https:\/\/www.agrupament.cat\/portal\/wp-json\/wp\/v2\/media?parent=26045"}],"wp:term":[{"taxonomy":"category","embeddable":true,"href":"https:\/\/www.agrupament.cat\/portal\/wp-json\/wp\/v2\/categories?post=26045"},{"taxonomy":"post_tag","embeddable":true,"href":"https:\/\/www.agrupament.cat\/portal\/wp-json\/wp\/v2\/tags?post=26045"}],"curies":[{"name":"wp","href":"https:\/\/api.w.org\/{rel}","templated":true}]}}