{"id":25375,"date":"2017-06-14T08:00:23","date_gmt":"2017-06-14T07:00:23","guid":{"rendered":"http:\/\/www.agrupament.cat\/portal\/?p=25375"},"modified":"2017-06-14T12:24:36","modified_gmt":"2017-06-14T11:24:36","slug":"fgc-i-correos-installen-la-primera-maquina-de-recollida-de-paquets-citypaq-a-lestacio-de-balaguer","status":"publish","type":"post","link":"https:\/\/www.agrupament.cat\/portal\/2017\/06\/fgc-i-correos-installen-la-primera-maquina-de-recollida-de-paquets-citypaq-a-lestacio-de-balaguer\/","title":{"rendered":"FGC i Correos instal\u00b7len la primera m\u00e0quina de recollida de paquets CityPaq a l&#8217;estaci\u00f3 de Balaguer"},"content":{"rendered":"<p><img loading=\"lazy\" decoding=\"async\" class=\"alignleft size-full wp-image-6612\" src=\"http:\/\/www.agrupament.cat\/portal\/wp-content\/uploads\/2010\/03\/FGC23.gif\" alt=\"\" width=\"96\" height=\"33\" \/>13\/06\/2017. Aquesta m\u00e0quina \u00e9s la primera que entra en servei a la l\u00ednia Lleida-La Pobla i suposa un valor afegit per l\u2019usuari<br \/>\nLa instal\u00b7laci\u00f3 d\u2019aquests terminals certifica la clara aposta d\u2019FGC per estendre el concepte \u201csmart\u201d a tota la seva gesti\u00f3 ferrovi\u00e0ria, posada al servei de l\u2019usuari<\/p>\n<p><strong>Citypaq Balaguer<\/strong><br \/>\nFerrocarrils de la Generalitat de Catalunya (FGC) i Correos han instal\u00b7lat a l\u2019estaci\u00f3 de Balaguer un<strong><span style=\"color: #a6a816;\"><a href=\"https:\/\/www.correospaq.es\/citypaq\/index.html\"> nou terminal d\u2019entrega autom\u00e0tica de paquets (CityPaq)<\/a><\/span><\/strong>. Aix\u00ed doncs, Balaguer se suma a les estacions de Pl. Espanya, Pl. Catalunya, Proven\u00e7a, Sarri\u00e0 i Sant Cugat que ja compten amb aquest servei des del 2015. Aquesta m\u00e0quina \u00e9s la primera que s\u2019instal\u00b7la a la l\u00ednia Lleida-La Pobla i suposa un valor afegit per als usuaris que utilitzen habitualment FGC en els seus despla\u00e7aments, m\u00e9s enll\u00e0 de la pr\u00f2pia mobilitat.<\/p>\n<p>Mitjan\u00e7ant aquest servei, els usuaris podran recollir els seus paquets a trav\u00e9s d\u2019un codi de recollida durant les hores d\u2019obertura de les estacions, els set dies de la setmana. Les m\u00e0quines d&#8217;entrega disposen de m\u00faltiples compartiments de diferents mides adaptables al volum dels paquets, i a m\u00e9s, compten amb tots els requisits de seguretat i estan adaptades per a l\u2019\u00fas de persones amb mobilitat redu\u00efda.<\/p>\n<p>Alguns dels grans avantatges d&#8217;aquest servei s\u00f3n oferir als usuaris una major franja hor\u00e0ria per recollir els seus enviaments, m\u00e9s privacitat, un acc\u00e9s m\u00e9s f\u00e0cil i un funcionament senzill. Els clients de Correos que escullin les estacions d&#8217;FGC com a punt de lliurament en el moment de realitzar la seva compra mitjan\u00e7ant alguna de les botigues online rebran un missatge amb un codi de recollida i indicant que tenen a la seva disposici\u00f3 el paquet. A partir d&#8217;aquest moment, el client tindr\u00e0 un termini de tres dies per recollir el paquet utilitzant el codi que haur\u00e0 rebut pr\u00e8viament.<\/p>\n<p>Ferrocarrils i Correos s&#8217;han unit en aquest projecte per facilitar aix\u00ed la vida als seus usuaris augmentant la seva proposta de valor en una aposta clara per la innovaci\u00f3 i l&#8217;impuls del comer\u00e7 electr\u00f2nic a l\u2019Estat. FGC busca constantment noves ofertes comercials que aportin valor afegit als usuaris del tren, com ara serveis de restauraci\u00f3, botigues de regals o productes ecol\u00f2gics, serveis de missatgeria, etc. Aquest valor afegit potencia i millora l\u2019atractiu de la xarxa de Ferrocarrils, amb un previsible creixement del nombre d\u2019usuaris.<\/p>\n<p><strong>Un pas m\u00e9s per la consolidaci\u00f3 del concepte &#8220;smart train&#8221;<\/strong><br \/>\nPer a FGC, la instal\u00b7laci\u00f3 d&#8217;aquests terminals de lliurament \u00e9s una mostra m\u00e9s de l&#8217;aplicaci\u00f3 del concepte &#8220;smart&#8221; en la gesti\u00f3 d&#8217;FGC com a estrat\u00e8gia transversal i factor de dinamitzaci\u00f3.<\/p>\n<p>Entre d\u2019altres accions, hem estat pioners en la implantaci\u00f3 d\u2019un model de gesti\u00f3 d\u2019estacions automatitzat i treballem per desplegar un sistema de control autom\u00e0tic del frau a trav\u00e9s de la intel\u00b7lig\u00e8ncia artificial.<\/p>\n","protected":false},"excerpt":{"rendered":"<p>13\/06\/2017. Aquesta m\u00e0quina \u00e9s la primera que entra en servei a la l\u00ednia Lleida-La Pobla i suposa un valor afegit<\/p>\n","protected":false},"author":4,"featured_media":25377,"comment_status":"closed","ping_status":"open","sticky":false,"template":"","format":"standard","meta":{"footnotes":""},"categories":[],"tags":[621,43,47,133,563],"class_list":["post-25375","post","type-post","status-publish","format-standard","has-post-thumbnail","hentry","tag-balaguer","tag-estacions","tag-fgc-ferrocarrils-de-la-generalitat-de-catalunya","tag-linea-lleida-pobla-de-segur","tag-reforc-del-servei","comments-off"],"_links":{"self":[{"href":"https:\/\/www.agrupament.cat\/portal\/wp-json\/wp\/v2\/posts\/25375","targetHints":{"allow":["GET"]}}],"collection":[{"href":"https:\/\/www.agrupament.cat\/portal\/wp-json\/wp\/v2\/posts"}],"about":[{"href":"https:\/\/www.agrupament.cat\/portal\/wp-json\/wp\/v2\/types\/post"}],"author":[{"embeddable":true,"href":"https:\/\/www.agrupament.cat\/portal\/wp-json\/wp\/v2\/users\/4"}],"replies":[{"embeddable":true,"href":"https:\/\/www.agrupament.cat\/portal\/wp-json\/wp\/v2\/comments?post=25375"}],"version-history":[{"count":1,"href":"https:\/\/www.agrupament.cat\/portal\/wp-json\/wp\/v2\/posts\/25375\/revisions"}],"predecessor-version":[{"id":25378,"href":"https:\/\/www.agrupament.cat\/portal\/wp-json\/wp\/v2\/posts\/25375\/revisions\/25378"}],"wp:featuredmedia":[{"embeddable":true,"href":"https:\/\/www.agrupament.cat\/portal\/wp-json\/wp\/v2\/media\/25377"}],"wp:attachment":[{"href":"https:\/\/www.agrupament.cat\/portal\/wp-json\/wp\/v2\/media?parent=25375"}],"wp:term":[{"taxonomy":"category","embeddable":true,"href":"https:\/\/www.agrupament.cat\/portal\/wp-json\/wp\/v2\/categories?post=25375"},{"taxonomy":"post_tag","embeddable":true,"href":"https:\/\/www.agrupament.cat\/portal\/wp-json\/wp\/v2\/tags?post=25375"}],"curies":[{"name":"wp","href":"https:\/\/api.w.org\/{rel}","templated":true}]}}