{"id":25199,"date":"2017-05-25T18:44:43","date_gmt":"2017-05-25T17:44:43","guid":{"rendered":"http:\/\/www.agrupament.cat\/portal\/?p=25199"},"modified":"2017-05-25T18:44:43","modified_gmt":"2017-05-25T17:44:43","slug":"la-comision-europea-el-ministerio-de-fomento-y-la-generalitat-valenciana-organizan-una-jornada-sobre-el-corredor-mediterraneo","status":"publish","type":"post","link":"https:\/\/www.agrupament.cat\/portal\/2017\/05\/la-comision-europea-el-ministerio-de-fomento-y-la-generalitat-valenciana-organizan-una-jornada-sobre-el-corredor-mediterraneo\/","title":{"rendered":"La Comisi\u00f3n Europea, el Ministerio de Fomento y la Generalitat Valenciana organizan una jornada sobre el Corredor Mediterr\u00e1neo"},"content":{"rendered":"<p><img loading=\"lazy\" decoding=\"async\" class=\"alignleft size-full wp-image-9709\" src=\"http:\/\/www.agrupament.cat\/portal\/wp-content\/uploads\/2011\/02\/Fomento01.png\" alt=\"\" width=\"130\" height=\"35\" \/>\u00b7 La reuni\u00f3n tendr\u00e1 lugar el pr\u00f3ximo 1 de junio y estar\u00e1 precedida de un encuentro convocado por el Ministerio de Fomento con todas las comunidades aut\u00f3nomas por las que discurre el Corredor para abordar esta infraestructura clave<\/p>\n<p>Madrid, 25 de mayo de 2017 (Ministerio de Fomento)<br \/>\nLa Comisi\u00f3n Europea, el Ministerio de Fomento, y la Generalitat Valenciana celebrar\u00e1n los pr\u00f3ximos 31 de mayo y 1 de junio en Valencia dos foros sobre el Corredor Mediterr\u00e1neo a nivel estatal y europeo.<\/p>\n<p>El pr\u00f3ximo mi\u00e9rcoles 31 de mayo por la tarde, los representantes del Ministerio de Fomento, las comunidades aut\u00f3nomas y los puertos por los que discurre el Corredor, encabezados por el coordinador espa\u00f1ol del Corredor Mediterr\u00e1neo, Juan Barios, celebrar\u00e1n una reuni\u00f3n de coordinaci\u00f3n para trabajar conjuntamente y preparar sus propuestas para los foros europeos del Corredor.<\/p>\n<p>Esta iniciativa permitir\u00e1 generar sinergias entre administraciones y posibilitar una mayor captaci\u00f3n de fondos europeos.<\/p>\n<p>Por otra parte, se ha conseguido que, por primera vez, el Foro Europeo del Corredor Mediterr\u00e1neo visite Espa\u00f1a y el pr\u00f3ximo 1 de junio Valencia acoger\u00e1 la reuni\u00f3n del grupo de trabajo de los Nodos Urbanos del Corredor Mediterr\u00e1neo, clave para la resoluci\u00f3n de problemas de la infraestructura a lo largo de todo su recorrido. La sesi\u00f3n estar\u00e1 presidida por el coordinador europeo, el holand\u00e9s <strong><span style=\"color: #0000ff;\"><a style=\"color: #0000ff;\" href=\"https:\/\/ec.europa.eu\/transport\/themes\/infrastructure\/ten-t-guidelines\/european-coordinators\/lj-brinkhorst_en\">Laurens Jan Brinkhorst<\/a><\/span><\/strong>.<\/p>\n","protected":false},"excerpt":{"rendered":"<p>\u00b7 La reuni\u00f3n tendr\u00e1 lugar el pr\u00f3ximo 1 de junio y estar\u00e1 precedida de un encuentro convocado por el Ministerio<\/p>\n","protected":false},"author":4,"featured_media":15922,"comment_status":"closed","ping_status":"open","sticky":false,"template":"","format":"standard","meta":{"footnotes":""},"categories":[],"tags":[25,87,38,19,69,137],"class_list":["post-25199","post","type-post","status-publish","format-standard","has-post-thumbnail","hentry","tag-actes-congrtesosi-exposicions-fires-i-formacio","tag-corredor-del-mediterrani","tag-europa","tag-infraestructures","tag-mitva-ministerio-de-fomento","tag-valencia","comments-off"],"_links":{"self":[{"href":"https:\/\/www.agrupament.cat\/portal\/wp-json\/wp\/v2\/posts\/25199","targetHints":{"allow":["GET"]}}],"collection":[{"href":"https:\/\/www.agrupament.cat\/portal\/wp-json\/wp\/v2\/posts"}],"about":[{"href":"https:\/\/www.agrupament.cat\/portal\/wp-json\/wp\/v2\/types\/post"}],"author":[{"embeddable":true,"href":"https:\/\/www.agrupament.cat\/portal\/wp-json\/wp\/v2\/users\/4"}],"replies":[{"embeddable":true,"href":"https:\/\/www.agrupament.cat\/portal\/wp-json\/wp\/v2\/comments?post=25199"}],"version-history":[{"count":1,"href":"https:\/\/www.agrupament.cat\/portal\/wp-json\/wp\/v2\/posts\/25199\/revisions"}],"predecessor-version":[{"id":25200,"href":"https:\/\/www.agrupament.cat\/portal\/wp-json\/wp\/v2\/posts\/25199\/revisions\/25200"}],"wp:featuredmedia":[{"embeddable":true,"href":"https:\/\/www.agrupament.cat\/portal\/wp-json\/wp\/v2\/media\/15922"}],"wp:attachment":[{"href":"https:\/\/www.agrupament.cat\/portal\/wp-json\/wp\/v2\/media?parent=25199"}],"wp:term":[{"taxonomy":"category","embeddable":true,"href":"https:\/\/www.agrupament.cat\/portal\/wp-json\/wp\/v2\/categories?post=25199"},{"taxonomy":"post_tag","embeddable":true,"href":"https:\/\/www.agrupament.cat\/portal\/wp-json\/wp\/v2\/tags?post=25199"}],"curies":[{"name":"wp","href":"https:\/\/api.w.org\/{rel}","templated":true}]}}