{"id":25104,"date":"2017-05-16T04:03:54","date_gmt":"2017-05-16T03:03:54","guid":{"rendered":"http:\/\/www.agrupament.cat\/portal\/?p=25104"},"modified":"2017-05-16T04:07:26","modified_gmt":"2017-05-16T03:07:26","slug":"el-director-general-dfgc-pere-calvet-nou-president-de-la-unio-internacional-de-transport-public-uitp","status":"publish","type":"post","link":"https:\/\/www.agrupament.cat\/portal\/2017\/05\/el-director-general-dfgc-pere-calvet-nou-president-de-la-unio-internacional-de-transport-public-uitp\/","title":{"rendered":"El director general d&#8217;FGC, Pere Calvet, nou president de la Uni\u00f3 Internacional de Transport P\u00fablic (UITP)"},"content":{"rendered":"<p><img loading=\"lazy\" decoding=\"async\" class=\"alignleft size-full wp-image-6612\" src=\"http:\/\/www.agrupament.cat\/portal\/wp-content\/uploads\/2010\/03\/FGC23.gif\" alt=\"\" width=\"96\" height=\"33\" \/><img loading=\"lazy\" decoding=\"async\" class=\"alignleft  wp-image-25108\" src=\"http:\/\/www.agrupament.cat\/portal\/wp-content\/uploads\/2017\/05\/UITP.png\" alt=\"\" width=\"63\" height=\"33\" \/>Fins ara Pere Calvet ocupava el c\u00e0rrec de president de l\u2019assemblea de metros.<br \/>\nAquesta associaci\u00f3 reuneix els operadors de transport, autoritats, instituts t\u00e8cnics i d\u2019investigaci\u00f3 com al sector industrial i de serveis de 96 pa\u00efsos.<\/p>\n<p>El director general de Ferrocarrils de la Generalitat de Catalunya (FGC), Pere Calvet, ha estat elegit president de la <strong><span style=\"color: #ff6600;\"><a style=\"color: #ff6600;\" href=\"http:\/\/www.uitp.org\">Uni\u00f3 Internacional de Transport P\u00fablic (UITP)<\/a><\/span><\/strong> per l\u2019assemblea general que es va reunir ahir diumenge, 14 de maig, a Montreal (Canad\u00e0). Fins ara ocupava el c\u00e0rrec de president de l\u2019assemblea de metros en aquesta mateixa associaci\u00f3.<\/p>\n<p>En els 132 anys d\u2019exist\u00e8ncia de la UITP, Pere Calvet \u00e9s el seu president n\u00famero 20 i pren el relleu del japon\u00e8s Masaki Ogata, que ha estat president des del 2015.<\/p>\n<p>La UITP \u00e9s una associaci\u00f3 mundial, creada l\u2019any 1885, que fomenta el transport p\u00fablic. Actualment representa m\u00e9s de 1.400 entitats i reuneix a tots els principals actors del transport p\u00fablic amb m\u00e9s de 18.000 associats de 96 pa\u00efsos que inclou tant operadors de transport, autoritats, instituts t\u00e8cnics i d\u2019investigaci\u00f3 com al sector industrial i de serveis.<\/p>\n<p>Aix\u00ed, la UITP es configura com una plataforma internacional de cooperaci\u00f3 entre els seus associats. Est\u00e0 compromesa amb la millora de la qualitat de vida i el benestar econ\u00f2mic recolzant i promocionant el transport p\u00fablic com a element clau de sostenibilitat. La UITP realitza campanyes de promoci\u00f3 del transport p\u00fablic, desenvolupa estudis i an\u00e0lisis, organitza seminaris tecnol\u00f2gics i de formaci\u00f3, publica documents i, entre altres, es configura com un dels organismes m\u00e9s influents sobre temes relacionats amb la mobilitat, particularment a trav\u00e9s del seus position papers.<\/p>\n<p>La seu central de l\u2019associaci\u00f3 est\u00e0 a Brussel\u00b7les i t\u00e9 14 delegacions en tot el m\u00f3n, entre d\u2019altres a Abidjan, Bangalore, Canberra, Dubai, Hong Kong, Istanbul, Johannesburg, Moscou, Roma, Sao Paulo i Teheran.<\/p>\n<p><strong>La UITP a Catalunya<\/strong><br \/>\nEl vincle de les empreses i institucions catalanes amb la UITP ve de lluny, com ho demostra l\u2019organitzaci\u00f3 del congr\u00e9s mundial de l\u2019associaci\u00f3 en dues ocasions, el 1926 i el 1967. Peri\u00f2dicament se celebren a Catalunya activitats vinculades a la UITP. Aquest 2017 s\u2019ha celebrat una trobada de l\u2019observatori de metros autom\u00e0tics i la propera tardor acollir\u00e0 la reuni\u00f3 del Policy Board.<\/p>\n<p>Alguns del principals operadors i organismes de transport de Catalunya s\u00f3n membres actius de la UITP. Ferrocarrils de la Generalitat de Catalunya es troba directament vinculat a diverses divisions (en particular la de ferrocarrils metropolitans, que fins ara ha presidit, i la de ferrocarrils regionals) i grups de treball, com la Comissi\u00f3 de Transport &amp; Urban Life, a m\u00e9s de ser membre del Comit\u00e8 executiu i del Comit\u00e8 de Direcci\u00f3.<\/p>\n<p><strong>Director general d\u2019FGC des de 2011<\/strong><br \/>\nPere Calvet \u00e9s enginyer de Camins, Canals i Ports i en el seu curr\u00edculum estaquen els 25 d\u2019anys d&#8217;experi\u00e8ncia professional en el sector ferroviari. Des de l&#8217;any 2011 \u00e9s director general d\u2019FGC, on abans havia estat director de Projectes (1999-2008), cap de la Divisi\u00f3 d\u2019Instal\u00b7lacions Fixes i adjunt al cap de la Divisi\u00f3 de Planejament i Estudis.<\/p>\n<p>Tamb\u00e9 ha estat director general t\u00e8cnic d\u2019Infraestructures Ferrovi\u00e0ries de Catalunya (Ifercat). A m\u00e9s, forma part de diferents organismes nacionals i internacionals de l&#8217;\u00e0mbit del transport com ara l&#8217;Autoritat del Transport Metropolit\u00e0 de Barcelona (ATM). \u00c9s membre de la junta directiva de l\u2019Associaci\u00f3 de Transport Urbans Col\u00b7lectius (ATUC) i president del Sal\u00f3 Smart Mobility de Fira de Barcelona. A nivell acad\u00e8mic, imparteix classes en programes de l\u2019Escola T\u00e8cnica Superior d\u2019Enginyers de Camins, Canals i Ports. Recentment, el Col\u00b7legi d\u2019Enginyers de Camins, Canals i Ports li ha concedit la Medalla al m\u00e8rit professional.<\/p>\n<p>El mes d\u2019abril va ser designat president del nou congr\u00e9s Smart Mobility Word Congress, que se celebrar\u00e0 a Barcelona del 14 al 16 de novembre dins la propera edici\u00f3 de l\u2019Smart City Expo World Congress. Des de l\u2019any 2013 fins ara ha estat president de la divisi\u00f3 de metros i vicepresident mundial de la Uni\u00f3 Internacional del Transport P\u00fablic (UITP).<\/p>\n<p>A partir d\u2019ara, afegeix a les seves responsabilitats professionals el nou c\u00e0rrec de president de la UITP.<br \/>\n15\/05\/2017.<\/p>\n","protected":false},"excerpt":{"rendered":"<p>Fins ara Pere Calvet ocupava el c\u00e0rrec de president de l\u2019assemblea de metros. Aquesta associaci\u00f3 reuneix els operadors de transport,<\/p>\n","protected":false},"author":4,"featured_media":20529,"comment_status":"closed","ping_status":"open","sticky":false,"template":"","format":"standard","meta":{"footnotes":""},"categories":[],"tags":[47,39],"class_list":["post-25104","post","type-post","status-publish","format-standard","has-post-thumbnail","hentry","tag-fgc-ferrocarrils-de-la-generalitat-de-catalunya","tag-internacional","comments-off"],"_links":{"self":[{"href":"https:\/\/www.agrupament.cat\/portal\/wp-json\/wp\/v2\/posts\/25104","targetHints":{"allow":["GET"]}}],"collection":[{"href":"https:\/\/www.agrupament.cat\/portal\/wp-json\/wp\/v2\/posts"}],"about":[{"href":"https:\/\/www.agrupament.cat\/portal\/wp-json\/wp\/v2\/types\/post"}],"author":[{"embeddable":true,"href":"https:\/\/www.agrupament.cat\/portal\/wp-json\/wp\/v2\/users\/4"}],"replies":[{"embeddable":true,"href":"https:\/\/www.agrupament.cat\/portal\/wp-json\/wp\/v2\/comments?post=25104"}],"version-history":[{"count":3,"href":"https:\/\/www.agrupament.cat\/portal\/wp-json\/wp\/v2\/posts\/25104\/revisions"}],"predecessor-version":[{"id":25109,"href":"https:\/\/www.agrupament.cat\/portal\/wp-json\/wp\/v2\/posts\/25104\/revisions\/25109"}],"wp:featuredmedia":[{"embeddable":true,"href":"https:\/\/www.agrupament.cat\/portal\/wp-json\/wp\/v2\/media\/20529"}],"wp:attachment":[{"href":"https:\/\/www.agrupament.cat\/portal\/wp-json\/wp\/v2\/media?parent=25104"}],"wp:term":[{"taxonomy":"category","embeddable":true,"href":"https:\/\/www.agrupament.cat\/portal\/wp-json\/wp\/v2\/categories?post=25104"},{"taxonomy":"post_tag","embeddable":true,"href":"https:\/\/www.agrupament.cat\/portal\/wp-json\/wp\/v2\/tags?post=25104"}],"curies":[{"name":"wp","href":"https:\/\/api.w.org\/{rel}","templated":true}]}}