{"id":24422,"date":"2017-03-01T23:02:05","date_gmt":"2017-03-01T22:02:05","guid":{"rendered":"http:\/\/www.agrupament.cat\/portal\/?p=24422"},"modified":"2017-03-01T23:02:05","modified_gmt":"2017-03-01T22:02:05","slug":"renfe-sncf-en-cooperacion-llanca-una-campanya-per-viatjar-a-franca-des-de-29-euros","status":"publish","type":"post","link":"https:\/\/www.agrupament.cat\/portal\/2017\/03\/renfe-sncf-en-cooperacion-llanca-una-campanya-per-viatjar-a-franca-des-de-29-euros\/","title":{"rendered":"Renfe-SNCF en Cooperaci\u00f3n llan\u00e7a una campanya per viatjar a Fran\u00e7a des de 29 euros"},"content":{"rendered":"<p><img loading=\"lazy\" decoding=\"async\" class=\"alignleft size-full wp-image-18130\" src=\"http:\/\/www.agrupament.cat\/portal\/wp-content\/uploads\/2014\/06\/Renfe\u00b7SNCF.png\" alt=\"\" width=\"158\" height=\"50\" \/>Aquests bitllets es podran comprar entre el 28 de febrer i el 7 de mar\u00e7<br \/>\n\u00b7 La promoci\u00f3 permetr\u00e0 viatjar entre el 6 de mar\u00e7 i el 30 d\u2019abril en els trens d\u2019Alta Velocitat a Fran\u00e7a<br \/>\n\u00b7 Quatre freq\u00fc\u00e8ncies di\u00e0ries enllacen amb Fran\u00e7a en Alta Velocitat connectant amb 19 destinacions<\/p>\n<p>Barcelona, 28 de febrer de 2017<br \/>\nAmb la finalitat d\u2019incentivar els viatges a Fran\u00e7a al millor preu, Renfe-SNCF en Cooperaci\u00f3n posa en marxa una campanya promocional per viatjar a Fran\u00e7a des de 29 euros en els trens d&#8217;Alta Velocitat que connecten amb el pa\u00eds ve\u00ed.<\/p>\n<p>Aquesta campanya estar\u00e0 disponible per a les compres realitzades entre el 28 de febrer i el 7 de mar\u00e7, ambd\u00f3s inclusos, per a viatjar des de Barcelona, Girona i Figueres a Paris, Lyon, Valence, Marsella, Avignon, Aix-en-Provence, Toulouse i Carcasonne, entre el 6 de mar\u00e7 i el 30 d\u2019abril. I per aquelles persones que vulguin viatjar en classe preferent podran fer-ho des de 49 euros.<\/p>\n<p>Per accedir a aquests preus promocionals per viatjar a Fran\u00e7a, els viatgers podran comprar els bitllets entre el 28 de febrer i el 7 de mar\u00e7 a trav\u00e9s dels canals habituals de venda renfe.com, estacions i ag\u00e8ncies de viatge.<\/p>\n<p>A partir del 2 d\u2019abril, Renfe-SNCF en Cooperaci\u00f3n posa en circulaci\u00f3 una connexi\u00f3 di\u00e0ria entre Barcelona, Carcassone i Toulousse, el que permetr\u00e0 viatjar entre aquestes dues ciutats a partir de 2hores 30 minuts a Carcassone i a partir de 3 hores i 15 minuts a la ciutat de Toulouse.<br \/>\n&#8211;<\/p>\n","protected":false},"excerpt":{"rendered":"<p>Aquests bitllets es podran comprar entre el 28 de febrer i el 7 de mar\u00e7 \u00b7 La promoci\u00f3 permetr\u00e0 viatjar<\/p>\n","protected":false},"author":4,"featured_media":17148,"comment_status":"closed","ping_status":"open","sticky":false,"template":"","format":"standard","meta":{"footnotes":""},"categories":[],"tags":[484,482,35,480,328,401,34,309,481,509,68,131,483],"class_list":["post-24422","post","type-post","status-publish","format-standard","has-post-thumbnail","hentry","tag-aix-en-provence","tag-avignon","tag-barcelona","tag-carcassone","tag-figueres-vilafant","tag-gare-de-lyon","tag-girona","tag-lyon-part-dieu","tag-marseille","tag-renfe-sncf-en-cooperacion-en-cooperation","tag-tarifes","tag-toulouse-matabiau","tag-valence-tgv","comments-off"],"_links":{"self":[{"href":"https:\/\/www.agrupament.cat\/portal\/wp-json\/wp\/v2\/posts\/24422","targetHints":{"allow":["GET"]}}],"collection":[{"href":"https:\/\/www.agrupament.cat\/portal\/wp-json\/wp\/v2\/posts"}],"about":[{"href":"https:\/\/www.agrupament.cat\/portal\/wp-json\/wp\/v2\/types\/post"}],"author":[{"embeddable":true,"href":"https:\/\/www.agrupament.cat\/portal\/wp-json\/wp\/v2\/users\/4"}],"replies":[{"embeddable":true,"href":"https:\/\/www.agrupament.cat\/portal\/wp-json\/wp\/v2\/comments?post=24422"}],"version-history":[{"count":1,"href":"https:\/\/www.agrupament.cat\/portal\/wp-json\/wp\/v2\/posts\/24422\/revisions"}],"predecessor-version":[{"id":24423,"href":"https:\/\/www.agrupament.cat\/portal\/wp-json\/wp\/v2\/posts\/24422\/revisions\/24423"}],"wp:featuredmedia":[{"embeddable":true,"href":"https:\/\/www.agrupament.cat\/portal\/wp-json\/wp\/v2\/media\/17148"}],"wp:attachment":[{"href":"https:\/\/www.agrupament.cat\/portal\/wp-json\/wp\/v2\/media?parent=24422"}],"wp:term":[{"taxonomy":"category","embeddable":true,"href":"https:\/\/www.agrupament.cat\/portal\/wp-json\/wp\/v2\/categories?post=24422"},{"taxonomy":"post_tag","embeddable":true,"href":"https:\/\/www.agrupament.cat\/portal\/wp-json\/wp\/v2\/tags?post=24422"}],"curies":[{"name":"wp","href":"https:\/\/api.w.org\/{rel}","templated":true}]}}