{"id":24356,"date":"2017-02-21T09:00:28","date_gmt":"2017-02-21T08:00:28","guid":{"rendered":"http:\/\/www.agrupament.cat\/portal\/?p=24356"},"modified":"2017-02-23T11:58:02","modified_gmt":"2017-02-23T10:58:02","slug":"renfe-celebra-el-nove-aniversari-amb-prop-de-75-milions-de-viatgers-anuals-a-lave-barcelona-saragossa-madrid","status":"publish","type":"post","link":"https:\/\/www.agrupament.cat\/portal\/2017\/02\/renfe-celebra-el-nove-aniversari-amb-prop-de-75-milions-de-viatgers-anuals-a-lave-barcelona-saragossa-madrid\/","title":{"rendered":"Renfe celebra el nov\u00e8 aniversari amb prop de 7,5 milions de viatgers anuals a l\u2019AVE Barcelona-Saragossa-Madrid"},"content":{"rendered":"<p><img loading=\"lazy\" decoding=\"async\" class=\"alignleft size-full wp-image-9760\" src=\"http:\/\/www.agrupament.cat\/portal\/wp-content\/uploads\/2011\/02\/RenfeAltaVelocitat.gif\" alt=\"\" width=\"84\" height=\"29\" \/>S\u2019ha registrat un increment del 6.3% respecte el darrer any<br \/>\n\u00b7 A la relaci\u00f3 punt a punt Barcelona-Madrid s\u2019han assolit els 3,8 milions de clients.<br \/>\n\u00b7 Al darrer any, els trens AVE han registrar una quota de mercat del 62,3% amb respecte l\u2019avi\u00f3 a la relaci\u00f3 Barcelona-Madrid.<\/p>\n<p>Barcelona, 20 de febrer de 2017 (Renfe).<br \/>\nEntre el 20 de febrer de 2016 i el 19 de febrer de 2017, Renfe ha transportat 7.476.000 milions de viatgers als serveis AVE del corredor Figueres-Barcelona-Saragossa-Madrid. Aquesta xifra suposa un increment del 6,3% respecte al mateix per\u00edode de l\u2019any anterior i la incorporaci\u00f3 de 443.000 nous clients.<\/p>\n<p>Pel que fa a relacions, el punt a punt Barcelona-Madrid ha obtingut 3.877.426 clients amb un creixement del 4,7%. Al 2016, l\u2019AVE va tancat amb una quota de mercat respecte l\u2019avi\u00f3 d\u2019un 62,3%, quota que en el darrer mes ha augmentat en 4 d\u00e8cimes m\u00e9s fins al 62,7%.<\/p>\n<p>Principals Relacions:<\/p>\n<table style=\"width: 564px;\">\n<tbody>\n<tr>\n<td style=\"width: 182px; text-align: center;\"><strong>Punt a punt<\/strong><\/td>\n<td style=\"width: 184px; text-align: center;\"><strong>20\/02\/16-19\/02\/17<\/strong><\/td>\n<td style=\"width: 184px; text-align: center;\"><strong>20\/02\/15-19\/02\/16<\/strong><\/td>\n<td style=\"width: 10px; text-align: center;\"><strong>Increment\u00a0<\/strong><\/td>\n<\/tr>\n<tr>\n<td style=\"width: 182px;\">Barcelona &#8211; Madrid<\/td>\n<td style=\"width: 184px; text-align: right;\">3.877.426<\/td>\n<td style=\"width: 184px; text-align: right;\">3.705.000<\/td>\n<td style=\"width: 10px; text-align: right;\">+4,7%<\/td>\n<\/tr>\n<tr>\n<td style=\"width: 182px;\">Madrid &#8211; Zaragoza<\/td>\n<td style=\"width: 184px; text-align: right;\">1.362.090<\/td>\n<td style=\"width: 184px; text-align: right;\">1.310.000<\/td>\n<td style=\"width: 10px; text-align: right;\">+4%<\/td>\n<\/tr>\n<tr>\n<td style=\"width: 182px;\">Barcelona -Zaragoza<\/td>\n<td style=\"width: 184px; text-align: right;\">570.095<\/td>\n<td style=\"width: 184px; text-align: right;\">539.000<\/td>\n<td style=\"width: 10px; text-align: right;\">+5,8%<\/td>\n<\/tr>\n<tr>\n<td style=\"width: 182px;\">Madrid &#8211; Camp Tarragona<\/td>\n<td style=\"width: 184px; text-align: right;\">331.753<\/td>\n<td style=\"width: 184px; text-align: right;\">319.000<\/td>\n<td style=\"width: 10px; text-align: right;\">+4%<\/td>\n<\/tr>\n<tr>\n<td style=\"width: 182px;\">Lleida \u2013 Madrid<\/td>\n<td style=\"width: 184px; text-align: right;\">277.701<\/td>\n<td style=\"width: 184px; text-align: right;\">268.000<\/td>\n<td style=\"width: 10px; text-align: right;\">+3,6%<\/td>\n<\/tr>\n<tr>\n<td style=\"width: 182px;\">Girona \u2013 Madrid<\/td>\n<td style=\"width: 184px; text-align: right;\">119.089<\/td>\n<td style=\"width: 184px; text-align: right;\">115.000<\/td>\n<td style=\"width: 10px; text-align: right;\">+3,6%<\/td>\n<\/tr>\n<tr>\n<td style=\"width: 182px;\">Huesca \u2013 Madrid<\/td>\n<td style=\"width: 184px; text-align: right;\">71.876<\/td>\n<td style=\"width: 184px; text-align: right;\">67.000<\/td>\n<td style=\"width: 10px; text-align: right;\">+7,27<\/td>\n<\/tr>\n<tr>\n<td style=\"width: 182px;\">Calatayud \u2013 Madrid<\/td>\n<td style=\"width: 184px; text-align: right;\">46.463<\/td>\n<td style=\"width: 184px; text-align: right;\">43.000<\/td>\n<td style=\"width: 10px; text-align: right;\">+8%<\/td>\n<\/tr>\n<tr>\n<td style=\"width: 182px;\">Barcelona &#8211; Calatayud<\/td>\n<td style=\"width: 184px; text-align: right;\">18.166<\/td>\n<td style=\"width: 184px; text-align: right;\">17.000<\/td>\n<td style=\"width: 10px; text-align: right;\">+6,85%<\/td>\n<\/tr>\n<\/tbody>\n<\/table>\n<p>En aquest per\u00edode, les estacions m\u00e9s utilitzades han estat Madrid-Puerta de Atocha, 5.893.000 viatgers; Barcelona Sants, amb 5.255.000, i Zaragoza Delicias, amb 1.913.000 viatgers.<\/p>\n<p><strong>M\u00e9s de 50 milions de viatgers en nou anys<\/strong><br \/>\nEn els seus nou anys en funcionament, 52.379.000 clients han utilitzat els serveis AVE en el corredor Figueres-Barcelona-Saragossa-Madrid, en els 180.000 trens AVE que han donat servei en aquest per\u00edode.<\/p>\n<p>Per relacions s\u2019han assolit els seg\u00fcents registres:<\/p>\n<table>\n<tbody>\n<tr>\n<td style=\"text-align: center;\"><strong>Punt a punt<\/strong><\/td>\n<td style=\"text-align: center;\"><strong>20\/02\/08-19\/02\/17<\/strong><\/td>\n<\/tr>\n<tr>\n<td>Barcelona &#8211; Madrid<\/td>\n<td style=\"text-align: right;\">26.333.064<\/td>\n<\/tr>\n<tr>\n<td>Madrid &#8211; Zaragoza<\/td>\n<td style=\"text-align: right;\">11.630.652<\/td>\n<\/tr>\n<tr>\n<td>Barcelona &#8211; Zaragoza<\/td>\n<td style=\"text-align: right;\">4.629.212<\/td>\n<\/tr>\n<tr>\n<td>Madrid &#8211; Camp Tarragona<\/td>\n<td style=\"text-align: right;\">2.784.277<\/td>\n<\/tr>\n<tr>\n<td>Lleida \u2013 Madrid<\/td>\n<td style=\"text-align: right;\">2.303.145<\/td>\n<\/tr>\n<tr>\n<td>Girona \u2013 Madrid<\/td>\n<td style=\"text-align: right;\">460.040<\/td>\n<\/tr>\n<tr>\n<td>Huesca \u2013 Madrid<\/td>\n<td style=\"text-align: right;\">564.289<\/td>\n<\/tr>\n<tr>\n<td>Calatayud \u2013 Madrid<\/td>\n<td style=\"text-align: right;\">390.356<\/td>\n<\/tr>\n<tr>\n<td>Figueres &#8211; Madrid<\/td>\n<td style=\"text-align: right;\">189.521<\/td>\n<\/tr>\n<tr>\n<td>Barcelona &#8211; Calatayud<\/td>\n<td style=\"text-align: right;\">155.523<\/td>\n<\/tr>\n<\/tbody>\n<\/table>\n<p><strong>Valoraci\u00f3 del servei i perfil del client<\/strong><br \/>\nEl perfil del client del corredor Barcelona-Madrid \u00e9s d\u2019una persona entre 35 i 44 anys (31%), que es despla\u00e7a per motius laborals (62,1%) o per motius d\u2019oci i familiars (33,1%) i que viatja amb una freq\u00fc\u00e8ncia mitjana de 13 viatges l\u2019any.<\/p>\n<p>Pel que fa a les tarifes, els viatgers opten majorit\u00e0riament per Anada i tornada 27,06% i preus promocionals 25,3%. Aquests preus permeten viatjar amb descomptes de fins el 73% sobre la tarifa general.<\/p>\n<p>Finalment la valoraci\u00f3 global del serveis en una escala de 0 a 10 \u00e9s de 8.23 punts, i 8 de cada 10 clients recomanen viatjar en AVE en aquest corredor. Els aspectes m\u00e9s valorats s\u00f3n la puntualitat, la rapidesa, confort en el despla\u00e7ament i la ubicaci\u00f3 de l\u2019estaci\u00f3.<\/p>\n","protected":false},"excerpt":{"rendered":"<p>S\u2019ha registrat un increment del 6.3% respecte el darrer any \u00b7 A la relaci\u00f3 punt a punt Barcelona-Madrid s\u2019han assolit<\/p>\n","protected":false},"author":4,"featured_media":22937,"comment_status":"closed","ping_status":"open","sticky":false,"template":"","format":"standard","meta":{"footnotes":""},"categories":[],"tags":[41,305,679,236,34,220,33,424,21,237],"class_list":["post-24356","post","type-post","status-publish","format-standard","has-post-thumbnail","hentry","tag-ave","tag-barcelona-sants","tag-calatayud","tag-camp-de-tarragona","tag-girona","tag-huesca","tag-lleida","tag-madrid-puerta-de-atocha","tag-viatges","tag-zaragoza-delicias","comments-off"],"_links":{"self":[{"href":"https:\/\/www.agrupament.cat\/portal\/wp-json\/wp\/v2\/posts\/24356","targetHints":{"allow":["GET"]}}],"collection":[{"href":"https:\/\/www.agrupament.cat\/portal\/wp-json\/wp\/v2\/posts"}],"about":[{"href":"https:\/\/www.agrupament.cat\/portal\/wp-json\/wp\/v2\/types\/post"}],"author":[{"embeddable":true,"href":"https:\/\/www.agrupament.cat\/portal\/wp-json\/wp\/v2\/users\/4"}],"replies":[{"embeddable":true,"href":"https:\/\/www.agrupament.cat\/portal\/wp-json\/wp\/v2\/comments?post=24356"}],"version-history":[{"count":1,"href":"https:\/\/www.agrupament.cat\/portal\/wp-json\/wp\/v2\/posts\/24356\/revisions"}],"predecessor-version":[{"id":24357,"href":"https:\/\/www.agrupament.cat\/portal\/wp-json\/wp\/v2\/posts\/24356\/revisions\/24357"}],"wp:featuredmedia":[{"embeddable":true,"href":"https:\/\/www.agrupament.cat\/portal\/wp-json\/wp\/v2\/media\/22937"}],"wp:attachment":[{"href":"https:\/\/www.agrupament.cat\/portal\/wp-json\/wp\/v2\/media?parent=24356"}],"wp:term":[{"taxonomy":"category","embeddable":true,"href":"https:\/\/www.agrupament.cat\/portal\/wp-json\/wp\/v2\/categories?post=24356"},{"taxonomy":"post_tag","embeddable":true,"href":"https:\/\/www.agrupament.cat\/portal\/wp-json\/wp\/v2\/tags?post=24356"}],"curies":[{"name":"wp","href":"https:\/\/api.w.org\/{rel}","templated":true}]}}