{"id":24349,"date":"2017-02-16T08:00:10","date_gmt":"2017-02-16T07:00:10","guid":{"rendered":"http:\/\/www.agrupament.cat\/portal\/?p=24349"},"modified":"2017-02-19T17:49:19","modified_gmt":"2017-02-19T16:49:19","slug":"adif-pone-en-marcha-un-plan-para-prevenir-robos-de-cable-en-la-red-convencional-de-barcelona-y-girona","status":"publish","type":"post","link":"https:\/\/www.agrupament.cat\/portal\/2017\/02\/adif-pone-en-marcha-un-plan-para-prevenir-robos-de-cable-en-la-red-convencional-de-barcelona-y-girona\/","title":{"rendered":"Adif pone en marcha un plan para prevenir robos de cable en la red convencional de Barcelona y Girona"},"content":{"rendered":"<p><img loading=\"lazy\" decoding=\"async\" class=\"alignleft size-full wp-image-9682\" src=\"http:\/\/www.agrupament.cat\/portal\/wp-content\/uploads\/2011\/02\/Adif01.gif\" alt=\"\" width=\"83\" height=\"35\" \/>Con una inversi\u00f3n superior a 1,8 millones de euros<br \/>\n\u00b7 plan, que incluye tambi\u00e9n la rehabilitaci\u00f3n de instalaciones da\u00f1adas por robos, contempla la instalaci\u00f3n de protecciones y el hormigonado de canaletas, entre otros trabajos \u2022 Esta actuaci\u00f3n es una m\u00e1s de las medidas adoptadas por Adif para evitar robos y actos vand\u00e1licos, que causan graves perjuicios a la explotaci\u00f3n e inciden negativamente en el servicio prestado a los usuarios.<\/p>\n<p>15\/02\/2017. Adif ha puesto en marcha un plan para prevenir robos de cable en la red ferroviaria convencional de las provincias de Barcelona y Girona. El plan, que tambi\u00e9n incluye la rehabilitaci\u00f3n de instalaciones de cableado da\u00f1adas por robos, se llevar\u00e1 a cabo mediante un contrato recientemente adjudicado por importe de 1.814.238,9 euros (IVA incluido).<\/p>\n<p>Esta actuaci\u00f3n es una m\u00e1s de las medidas adoptadas por Adif para evitar robos y actos vand\u00e1licos en instalaciones ferroviarias (especialmente en el cableado de seguridad y comunicaciones), que causan graves perjuicios a la explotaci\u00f3n e inciden negativamente en el servicio prestado a los usuarios.<\/p>\n<p>Entre estas medidas destacan, adem\u00e1s, la instalaci\u00f3n de circuitos cerrados de televisi\u00f3n y detectores antiintrusi\u00f3n, el incremento de las patrullas propias de seguridad y el refuerzo de la colaboraci\u00f3n con los Mossos d&#8217;Esquadra y otros cuerpos policiales locales, adem\u00e1s de otras actuaciones que actualmente se encuentran en fase de pruebas.<\/p>\n<p>Gracias a estas medidas y a las operaciones policiales llevadas a cabo para la desarticulaci\u00f3n de grupos de delincuencia organizada que actuaban en Catalu\u00f1a ha permitido reducir el n\u00famero de robos en la red ferroviaria (ancho convencional y alta velocidad) de esta comunidad en m\u00e1s de un 95% en 2016 con respecto a 2015.<\/p>\n<p><strong>Operaciones incluidas en el plan<\/strong><br \/>\nAdem\u00e1s de la reposici\u00f3n del cableado da\u00f1ado por los robos, el plan contempla la colocaci\u00f3n de protectores, el hormigonado de las canaletas que lo alojan y el soterramiento de cables que discurren en zanjas. De este modo, se dificultar\u00e1 el acceso y la manipulaci\u00f3n de las instalaciones.<\/p>\n<p>Asimismo, se realizar\u00e1 una topograf\u00eda que permitir\u00e1 a los servicios de mantenimiento localizar la ubicaci\u00f3n f\u00edsica precisa de las canalizaciones de los nuevos tendidos de cableado.<\/p>\n<p>Para garantizar el \u00f3ptimo estado de estas instalaciones, se llevar\u00e1n a cabo otras operaciones, como la rehabilitaci\u00f3n de canalizaciones y arquetas, la sustituci\u00f3n de cables de se\u00f1alizaci\u00f3n y otros conductores de energ\u00eda, la retirada de los elementos que queden en desuso, as\u00ed como el desbroce de vegetaci\u00f3n y la limpieza de la plataforma ferroviaria.<\/p>\n<p>El contrato, adjudicado a la empresa Tel\u00e9fonos, L\u00edneas y Centrales (Telice), tiene un plazo de ejecuci\u00f3n estimado de 18 meses.<\/p>\n","protected":false},"excerpt":{"rendered":"<p>Con una inversi\u00f3n superior a 1,8 millones de euros \u00b7 plan, que incluye tambi\u00e9n la rehabilitaci\u00f3n de instalaciones da\u00f1adas por<\/p>\n","protected":false},"author":4,"featured_media":15351,"comment_status":"closed","ping_status":"open","sticky":false,"template":"","format":"standard","meta":{"footnotes":""},"categories":[],"tags":[35,34,19],"class_list":["post-24349","post","type-post","status-publish","format-standard","has-post-thumbnail","hentry","tag-barcelona","tag-girona","tag-infraestructures","comments-off"],"_links":{"self":[{"href":"https:\/\/www.agrupament.cat\/portal\/wp-json\/wp\/v2\/posts\/24349","targetHints":{"allow":["GET"]}}],"collection":[{"href":"https:\/\/www.agrupament.cat\/portal\/wp-json\/wp\/v2\/posts"}],"about":[{"href":"https:\/\/www.agrupament.cat\/portal\/wp-json\/wp\/v2\/types\/post"}],"author":[{"embeddable":true,"href":"https:\/\/www.agrupament.cat\/portal\/wp-json\/wp\/v2\/users\/4"}],"replies":[{"embeddable":true,"href":"https:\/\/www.agrupament.cat\/portal\/wp-json\/wp\/v2\/comments?post=24349"}],"version-history":[{"count":1,"href":"https:\/\/www.agrupament.cat\/portal\/wp-json\/wp\/v2\/posts\/24349\/revisions"}],"predecessor-version":[{"id":24350,"href":"https:\/\/www.agrupament.cat\/portal\/wp-json\/wp\/v2\/posts\/24349\/revisions\/24350"}],"wp:featuredmedia":[{"embeddable":true,"href":"https:\/\/www.agrupament.cat\/portal\/wp-json\/wp\/v2\/media\/15351"}],"wp:attachment":[{"href":"https:\/\/www.agrupament.cat\/portal\/wp-json\/wp\/v2\/media?parent=24349"}],"wp:term":[{"taxonomy":"category","embeddable":true,"href":"https:\/\/www.agrupament.cat\/portal\/wp-json\/wp\/v2\/categories?post=24349"},{"taxonomy":"post_tag","embeddable":true,"href":"https:\/\/www.agrupament.cat\/portal\/wp-json\/wp\/v2\/tags?post=24349"}],"curies":[{"name":"wp","href":"https:\/\/api.w.org\/{rel}","templated":true}]}}