{"id":23786,"date":"2016-11-26T00:30:27","date_gmt":"2016-11-25T23:30:27","guid":{"rendered":"http:\/\/www.agrupament.cat\/portal\/?p=23786"},"modified":"2016-11-26T09:54:30","modified_gmt":"2016-11-26T08:54:30","slug":"renfe-posa-a-la-venda-un-milio-i-mig-de-places-promocionals-a-la-campanya-de-la-cyber-week","status":"publish","type":"post","link":"https:\/\/www.agrupament.cat\/portal\/2016\/11\/renfe-posa-a-la-venda-un-milio-i-mig-de-places-promocionals-a-la-campanya-de-la-cyber-week\/","title":{"rendered":"Renfe posa a la venda un mili\u00f3 i mig de places promocionals a la Campanya de la Cyber Week"},"content":{"rendered":"<p><img loading=\"lazy\" decoding=\"async\" class=\"alignleft size-full wp-image-9951\" src=\"http:\/\/www.agrupament.cat\/portal\/wp-content\/uploads\/2011\/03\/RenfeAVE.gif\" alt=\"RenfeAVE\" width=\"110\" height=\"48\" \/>Des del 25 de novembre al 2 de desembre<br \/>\n\u00b7 La companyia llen\u00e7a tarifes amb descomptes de fins el 70% per viatjar als mesos de desembre, gener i febrer<br \/>\n\u00b7 A Catalunya s\u2019ofereixen m\u00e9s de 450.000 places promocionals pels trens AVE i Llarga Dist\u00e0ncia<\/p>\n<p>Barcelona, 25 de novembre de 2016 (Renfe).<br \/>\nRenfe es suma a la cita del Black Friday i el Cyber Monday amb vuit dies d\u2019ofertes en els que l\u2019operador posa a la venda un mili\u00f3 i mig de places amb descomptes de fins el 70% per viatjar en trens AVE i Llarga Dist\u00e0ncia.<br \/>\nLes places promocionals de la Cyber Week de Renfe es posa a la venda des d\u2019avui, 25 de novembre i fins el 2 de desembre o fins esgotar exist\u00e8ncies.<br \/>\nM\u00e9s de 450.000 places promocionals a Catalunya<br \/>\nA Catalunya s\u2019ofereixen m\u00e9s de 450.000 places promocionals pels trens AVE i Llarga Dist\u00e0ncia que connecten amb el centre, nord, sud i llevant peninsular per a viatjar al desembre, gener i febrer aix\u00ed com als trens internacionals que connecten amb Fran\u00e7a.<br \/>\nEls descomptes de fins el 70% sobre la tarifa Flexible en classe turista permeten viatjar amb els seg\u00fcents preus:<br \/>\n\u00b7 Madrid \u2013 Barcelona des de 32 \u20ac<br \/>\n\u00b7 Barcelona \u2013 Val\u00e8ncia des de 12,10 \u20ac<br \/>\n\u00b7 Barcelona \u2013 Alacant des de 15,60 \u20ac<br \/>\n\u00b7 Barcelona \u2013 Saragossa des de 22,65 \u20ac<br \/>\n\u00b7 Camp de Tarragona \u2013 Madrid des de 30,75\u20ac<br \/>\n\u00b7 Lleida \u2013 Madrid des de 27,75\u20ac<br \/>\n\u00b7 Girona \u2013 Madrid des de 33,70\u20ac<br \/>\n\u00b7 Barcelona \u2013 C\u00f2rdova\/Sevilla\/M\u00e0laga des de 35,05 \u20ac<br \/>\n\u00b7 Barcelona \u2013 Bilbao\/San Sebasti\u00e1n-Donostia des de 19,60 \u20ac<br \/>\n\u00b7 Barcelona\/Girona\/Figueres \u2013 Par\u00eds des de 35,00 \u20ac<br \/>\n\u00b7 Barcelona\/Girona\/Figueres\/Tarragona \u2013 Marsella\/Avi\u00f1\u00f3n\/Aix-en-provence des de 35 \u20ac<br \/>\n\u00b7 Barcelona\/Girona\/Figueres \u2013 Lyon\/Valence des de 35 \u20ac<br \/>\n\u00b7 Barcelona\/Tarragona \u2013 Montpellier des de 25 \u20ac<br \/>\n\u00b7 Barcelona\/Girona\/Figueres \u2013 N\u00eemes des de 25 \u20ac<\/p>\n<p>Les places de la Cyber Week estan a la venda a la web de renfe.com i a ag\u00e8ncies fins el 2 de desembre o fins esgotar les places ofertades.<\/p>\n","protected":false},"excerpt":{"rendered":"<p>Des del 25 de novembre al 2 de desembre \u00b7 La companyia llen\u00e7a tarifes amb descomptes de fins el 70%<\/p>\n","protected":false},"author":4,"featured_media":17148,"comment_status":"closed","ping_status":"open","sticky":false,"template":"","format":"standard","meta":{"footnotes":""},"categories":[],"tags":[41,35,37,103,68],"class_list":["post-23786","post","type-post","status-publish","format-standard","has-post-thumbnail","hentry","tag-ave","tag-barcelona","tag-espana","tag-francia","tag-tarifes","comments-off"],"_links":{"self":[{"href":"https:\/\/www.agrupament.cat\/portal\/wp-json\/wp\/v2\/posts\/23786","targetHints":{"allow":["GET"]}}],"collection":[{"href":"https:\/\/www.agrupament.cat\/portal\/wp-json\/wp\/v2\/posts"}],"about":[{"href":"https:\/\/www.agrupament.cat\/portal\/wp-json\/wp\/v2\/types\/post"}],"author":[{"embeddable":true,"href":"https:\/\/www.agrupament.cat\/portal\/wp-json\/wp\/v2\/users\/4"}],"replies":[{"embeddable":true,"href":"https:\/\/www.agrupament.cat\/portal\/wp-json\/wp\/v2\/comments?post=23786"}],"version-history":[{"count":1,"href":"https:\/\/www.agrupament.cat\/portal\/wp-json\/wp\/v2\/posts\/23786\/revisions"}],"predecessor-version":[{"id":23787,"href":"https:\/\/www.agrupament.cat\/portal\/wp-json\/wp\/v2\/posts\/23786\/revisions\/23787"}],"wp:featuredmedia":[{"embeddable":true,"href":"https:\/\/www.agrupament.cat\/portal\/wp-json\/wp\/v2\/media\/17148"}],"wp:attachment":[{"href":"https:\/\/www.agrupament.cat\/portal\/wp-json\/wp\/v2\/media?parent=23786"}],"wp:term":[{"taxonomy":"category","embeddable":true,"href":"https:\/\/www.agrupament.cat\/portal\/wp-json\/wp\/v2\/categories?post=23786"},{"taxonomy":"post_tag","embeddable":true,"href":"https:\/\/www.agrupament.cat\/portal\/wp-json\/wp\/v2\/tags?post=23786"}],"curies":[{"name":"wp","href":"https:\/\/api.w.org\/{rel}","templated":true}]}}