{"id":22516,"date":"2016-06-10T15:42:26","date_gmt":"2016-06-10T14:42:26","guid":{"rendered":"http:\/\/www.agrupament.cat\/portal\/?p=22516"},"modified":"2016-06-10T15:42:26","modified_gmt":"2016-06-10T14:42:26","slug":"afectacions-a-les-linies-de-bus-per-la-festa-de-la-bicicleta-2016","status":"publish","type":"post","link":"https:\/\/www.agrupament.cat\/portal\/2016\/06\/afectacions-a-les-linies-de-bus-per-la-festa-de-la-bicicleta-2016\/","title":{"rendered":"Afectacions a les l\u00ednies de bus per la Festa de la bicicleta 2016"},"content":{"rendered":"<p><img loading=\"lazy\" decoding=\"async\" class=\"alignleft size-full wp-image-9288\" src=\"http:\/\/www.agrupament.cat\/portal\/wp-content\/uploads\/2010\/12\/TMB014.gif\" alt=\"TMB01\" width=\"68\" height=\"50\" \/>10 de juny del 2016.\u00a0TMB recomana el metro com a alternativa aquest diumenge al mat\u00ed.<\/p>\n<p>Amb motiu de les diferents activitats que programa la <strong><span style=\"color: #ff0000;\"><a style=\"color: #ff0000;\" href=\"http:\/\/guia.barcelona.cat\/detall\/festa-de-la-bicicleta-2016-pedalada-popular_99400442483.html\">Festa de la bicicleta 2016<\/a><\/span><\/strong>, que tindr\u00e0 lloc diumenge, 12 de juny, un bon nombre de l\u00ednies d\u2019autob\u00fas podrien veure alterat o limitat el seu recorregut. Per aquesta ra\u00f3, Transports Metropolitans de Barcelona (TMB) recomana el metro en aquells despla\u00e7aments a l\u2019entorn dels llocs per on transcorrer\u00e0 la pedalada popular, una de les principals activitats de la festa.<\/p>\n<p>El recorregut en bicicleta, de 10 quil\u00f2metres, sortir\u00e0 a les 9.30 hores i afectar\u00e0 tot el tr\u00e0nsit de superf\u00edcie per on es desenvolupi entre les 8 i les 12 del mat\u00ed, aproximadament. TMB adoptar\u00e0 les mesures necess\u00e0ries per desviar els vehicles en funci\u00f3 dels llocs per on vagi passant la bicicletada popular.<\/p>\n<p>La ruta ciclista sortir\u00e0 del carrer Arag\u00f3 (entre Balmes i passeig de Gr\u00e0cia) i seguir\u00e0 pel carrer Tarragona, pla\u00e7a d\u2019Espanya, avinguda Paral\u00b7lel, Floridablanca, ronda de Sant Antoni, pl. Universitat, Pelai, pl. de Catalunya, Fontanella, pl. Urquinaona, Trafalgar, pg. Llu\u00eds Companys, pg. de Pujades, av. Meridiana, Buenaventura Mu\u00f1oz, Pallars, Bac de Roda, rambla Guip\u00fascoa, Independ\u00e8ncia, av. Meridiana i finalitzar\u00e0 a la pla\u00e7a de les Gl\u00f2ries, on continuar\u00e0 la celebraci\u00f3 de la Festa de la bicicleta amb diverses activitats.<\/p>\n<p>En total, els desviaments afectaran 42 l\u00ednies de bus que tenen una part de l\u2019itinerari a la zona afectada: D20, H10, H12, H14, H16, V7, V11, V13, V15, V17, V21, V27, 6, 7, 13, 19, 24, 27, 33, 37, 39, 40, 41, 42, 45, 46, 50, 51, 54, 55, 59, 62, 63, 65, 66, 67, 68, 79, 92, 109, 150 i 192.<\/p>\n<p>Per a m\u00e9s informaci\u00f3 es pot consultar l\u2019av\u00eds corresponent a la secci\u00f3 d\u2019estat del servei del web de TMB.<\/p>\n","protected":false},"excerpt":{"rendered":"<p>10 de juny del 2016.\u00a0TMB recomana el metro com a alternativa aquest diumenge al mat\u00ed. Amb motiu de les diferents<\/p>\n","protected":false},"author":4,"featured_media":0,"comment_status":"closed","ping_status":"open","sticky":false,"template":"","format":"standard","meta":{"footnotes":""},"categories":[],"tags":[25,17,35,111,225,56],"class_list":["post-22516","post","type-post","status-publish","format-standard","hentry","tag-actes-congrtesosi-exposicions-fires-i-formacio","tag-afectacions-e-incidencies","tag-barcelona","tag-bus","tag-metro","tag-metro-barcelona-tmb","comments-off"],"_links":{"self":[{"href":"https:\/\/www.agrupament.cat\/portal\/wp-json\/wp\/v2\/posts\/22516","targetHints":{"allow":["GET"]}}],"collection":[{"href":"https:\/\/www.agrupament.cat\/portal\/wp-json\/wp\/v2\/posts"}],"about":[{"href":"https:\/\/www.agrupament.cat\/portal\/wp-json\/wp\/v2\/types\/post"}],"author":[{"embeddable":true,"href":"https:\/\/www.agrupament.cat\/portal\/wp-json\/wp\/v2\/users\/4"}],"replies":[{"embeddable":true,"href":"https:\/\/www.agrupament.cat\/portal\/wp-json\/wp\/v2\/comments?post=22516"}],"version-history":[{"count":1,"href":"https:\/\/www.agrupament.cat\/portal\/wp-json\/wp\/v2\/posts\/22516\/revisions"}],"predecessor-version":[{"id":22517,"href":"https:\/\/www.agrupament.cat\/portal\/wp-json\/wp\/v2\/posts\/22516\/revisions\/22517"}],"wp:attachment":[{"href":"https:\/\/www.agrupament.cat\/portal\/wp-json\/wp\/v2\/media?parent=22516"}],"wp:term":[{"taxonomy":"category","embeddable":true,"href":"https:\/\/www.agrupament.cat\/portal\/wp-json\/wp\/v2\/categories?post=22516"},{"taxonomy":"post_tag","embeddable":true,"href":"https:\/\/www.agrupament.cat\/portal\/wp-json\/wp\/v2\/tags?post=22516"}],"curies":[{"name":"wp","href":"https:\/\/api.w.org\/{rel}","templated":true}]}}