{"id":22489,"date":"2016-06-09T07:25:13","date_gmt":"2016-06-09T06:25:13","guid":{"rendered":"http:\/\/www.agrupament.cat\/portal\/?p=22489"},"modified":"2016-06-10T07:35:06","modified_gmt":"2016-06-10T06:35:06","slug":"dia-internacional-de-sensibilizacion-en-los-pasos-a-nivel-ilcad-2016-no-sobreestime-sus-capacidades-en-los-entornos-ferroviarios","status":"publish","type":"post","link":"https:\/\/www.agrupament.cat\/portal\/2016\/06\/dia-internacional-de-sensibilizacion-en-los-pasos-a-nivel-ilcad-2016-no-sobreestime-sus-capacidades-en-los-entornos-ferroviarios\/","title":{"rendered":"D\u00eda Internacional de Sensibilizaci\u00f3n en los Pasos a Nivel, ILCAD 2016: \u201c\u00a1No sobreestime sus capacidades en los entornos ferroviarios!\u201d"},"content":{"rendered":"<p><img loading=\"lazy\" decoding=\"async\" class=\"alignleft size-full wp-image-7601\" src=\"http:\/\/www.agrupament.cat\/portal\/wp-content\/uploads\/2010\/06\/FFE2.jpg\" alt=\"FFE2\" width=\"90\" height=\"38\" \/>Con la participaci\u00f3n de 40 pa\u00edses, se celebra el 10 y 11 de junio<br \/>\nLa campa\u00f1a de esta edici\u00f3n se centra en la tercera edad y en personas con limitaciones sensoriales y de movilidad reducida.<br \/>\nEstonia y Letonia acogen una conferencia internacional<br \/>\nLa Fundaci\u00f3n de los Ferrocarriles Espa\u00f1oles se une a esta iniciativa internacional<\/p>\n<p>El D\u00eda Internacional de Sensibilizaci\u00f3n en los Pasos a Nivel est\u00e1 organizado por la Uni\u00f3n Internacional de Ferrocarriles (UIC), la comunidad ferroviaria internacional, socios del sector vial e instituciones internacionales, y cuenta con la participaci\u00f3n de m\u00e1s de cuarenta pa\u00edses de manera presencial o virtual.<\/p>\n<p>La Fundaci\u00f3n de los Ferrocarriles Espa\u00f1oles se une a esta campa\u00f1a de difusi\u00f3n internacional promocion\u00e1ndola desde la Plataforma Tecnol\u00f3gica Ferroviaria, la revista V\u00eda Libre, los Museos del Ferrocarril de Madrid y Catalu\u00f1a y el \u00c1rea de Comunicaci\u00f3n.<\/p>\n<p>D\u00eda Internacional de Sensibilizaci\u00f3n en los Pasos a Nivel &#8211; International Level Crossing Awareness Day (ILCAD)<\/p>\n<p>El D\u00eda Internacional de Sensibilizaci\u00f3n en los Pasos a Nivel es un compromiso de continuar con el \u00e9xito del primer D\u00eda Europeo de Pasos a Nivel, celebrado en junio de 2009 en 28 pa\u00edses, para sensibilizar sobre el peligro de las conductas de riesgo.<\/p>\n<p>Los accidentes en pasos a nivel representan el 1% de las muertes en carretera, pero el 25% de los accidentes mortales ferroviarios, seg\u00fan las estad\u00edsticas europeas. Las entidades de transporte por carretera y ferrocarril de los pa\u00edses participantes reconocieron su responsabilidad compartida y, para hacer frente a este problema, consideraron que organizar este tipo de eventos puede ayudar a desarrollar la conciencia p\u00fablica y mejorar el comportamiento de las personas en los pasos a nivel.<\/p>\n<p>En el mundo hay unos 600.000 pasos a nivel y cada a\u00f1o, los socios de la ILCAD, seleccionan un sector de la poblaci\u00f3n especialmente sensible a los accidentes que pueden producirse en ellos. Este a\u00f1o, atendiendo a las estad\u00edsticas que hablan de un repunte de accidentes de personas mayores, la campa\u00f1a tiene el lema \u00a1No sobreestime sus capacidades en los entornos ferroviarios!\u201d y el objetivo son las personas de la tercera edad, con limitaciones sensoriales y movilidad reducida.<\/p>\n<p>Los organizadores quieren recordar que aquellas personas que ponen en riesgo su integridad f\u00edsica llevando a cabo conductas de riesgo en los pasos a nivel, pueden poner en peligro las vidas de los dem\u00e1s, de aquellos que viajan en su veh\u00edculo o del personal ferroviario y los pasajeros de los trenes.<\/p>\n<p>La campa\u00f1a a nivel mundial comienza ma\u00f1ana con una conferencia internacional sobre seguridad en los pasos a nivel en Riga, patrocinada por los Ferrocarriles Letones (LDz). El d\u00eda 11 tendr\u00e1 lugar la segunda jornada en la vecina Tall\u00edn, organizada por la Operation Lifesaver Estonia (OLE).<\/p>\n<p>Como material para concienciar sobre los riesgos y la forma de evitarlos, la UIC y LDz han coproducido folletos y carteles informativos, adem\u00e1s de un v\u00eddeo que se puede ver en el siguiente enlace: youtu.be\/aDCLgq2H30w?list=FLErWihmLQXZF6Dmv6Ll2_qA<\/p>\n<p><strong>Algunas estad\u00edsticas<\/strong><br \/>\n\u00b7 40 pa\u00edses participan en ILCAD 2016: <strong><span style=\"color: #24084d;\"><a style=\"color: #24084d;\" href=\"http:\/\/www.ilcad.org\/Participants-2016.html\">www.ilcad.org\/Participants-2016.html<\/a><\/span><\/strong><br \/>\n\u00b7 N\u00famero de pasos a nivel: 600.000, 213.000 en Estados Unidos y 113.000 en Europa. Accidentes en pasos a nivel europeos: 1% de los accidentes mortales de tr\u00e1fico, pero m\u00e1s del 25% de los ferroviarios; 555 colisiones en 2012, 322 fallecidos y 364 heridos de gravedad .<br \/>\n\u00b7 La poblaci\u00f3n mundial de mayores de 65 a\u00f1os aumentar\u00e1 m\u00e1s del doble, pasando de 600 millones a 1.600 millones en 2050; 8.5% de la poblaci\u00f3n global hoy, 17% en 205 (<strong><span style=\"color: #24084d;\"><a style=\"color: #24084d;\" href=\"http:\/\/www.census.gov\/newsroom\/press-releases\/2016\/cb16-54.html?cid=cb1654\">www.census.gov\/newsroom\/press-releases\/2016\/cb16-54.html?cid=cb1654<\/a><\/span><\/strong>).<br \/>\n\u00b7 Una poblaci\u00f3n de la tercera edad que siga conduciendo, montando en bicicleta o cruzando pasos a nivel podr\u00eda convertirse en un gran problema para la sociedad; en algunos pa\u00edses los ex\u00e1menes m\u00e9dicos son obligatorios para que los mayores puedan seguir conduciendo.<br \/>\n\u00b7 Pa\u00edses como Jap\u00f3n, que se han visto particularmente afectados por el envejecimiento de poblaci\u00f3n, han organizado campa\u00f1as de seguridad vial o en pasos a nivel destinadas a los mayores.<br \/>\n\u00b7 En algunos pa\u00edses, principalmente en Europa donde se dispone de estad\u00edsticas por categor\u00eda de las v\u00edctimas involucradas en accidentes mortales, las colisiones con las personas mayores equivalen al 18% del total de las producidas en pasos a nivel y los fallecidos suponen el 38% de las v\u00edctimas mortales.<\/p>\n<p>M\u00e1s informaci\u00f3n:<br \/>\n<strong><span style=\"color: #660a0a;\"><a style=\"color: #660a0a;\" href=\"http:\/\/www.ilcad.org\/ILCAD-2016.html\">www.ilcad.org<\/a><\/span><\/strong><br \/>\nwww.facebook.com\/ilcad<br \/>\ntwitter.com\/ilcad<\/p>\n","protected":false},"excerpt":{"rendered":"<p>Con la participaci\u00f3n de 40 pa\u00edses, se celebra el 10 y 11 de junio La campa\u00f1a de esta edici\u00f3n se<\/p>\n","protected":false},"author":4,"featured_media":22490,"comment_status":"closed","ping_status":"open","sticky":false,"template":"","format":"standard","meta":{"footnotes":""},"categories":[],"tags":[25,3,93,39],"class_list":["post-22489","post","type-post","status-publish","format-standard","has-post-thumbnail","hentry","tag-actes-congrtesosi-exposicions-fires-i-formacio","tag-associacions-federacions-fundacions","tag-ffe-fundacion-ferrocarriles-espanoles","tag-internacional","comments-off"],"_links":{"self":[{"href":"https:\/\/www.agrupament.cat\/portal\/wp-json\/wp\/v2\/posts\/22489","targetHints":{"allow":["GET"]}}],"collection":[{"href":"https:\/\/www.agrupament.cat\/portal\/wp-json\/wp\/v2\/posts"}],"about":[{"href":"https:\/\/www.agrupament.cat\/portal\/wp-json\/wp\/v2\/types\/post"}],"author":[{"embeddable":true,"href":"https:\/\/www.agrupament.cat\/portal\/wp-json\/wp\/v2\/users\/4"}],"replies":[{"embeddable":true,"href":"https:\/\/www.agrupament.cat\/portal\/wp-json\/wp\/v2\/comments?post=22489"}],"version-history":[{"count":3,"href":"https:\/\/www.agrupament.cat\/portal\/wp-json\/wp\/v2\/posts\/22489\/revisions"}],"predecessor-version":[{"id":22493,"href":"https:\/\/www.agrupament.cat\/portal\/wp-json\/wp\/v2\/posts\/22489\/revisions\/22493"}],"wp:featuredmedia":[{"embeddable":true,"href":"https:\/\/www.agrupament.cat\/portal\/wp-json\/wp\/v2\/media\/22490"}],"wp:attachment":[{"href":"https:\/\/www.agrupament.cat\/portal\/wp-json\/wp\/v2\/media?parent=22489"}],"wp:term":[{"taxonomy":"category","embeddable":true,"href":"https:\/\/www.agrupament.cat\/portal\/wp-json\/wp\/v2\/categories?post=22489"},{"taxonomy":"post_tag","embeddable":true,"href":"https:\/\/www.agrupament.cat\/portal\/wp-json\/wp\/v2\/tags?post=22489"}],"curies":[{"name":"wp","href":"https:\/\/api.w.org\/{rel}","templated":true}]}}