{"id":22428,"date":"2016-06-01T12:39:45","date_gmt":"2016-06-01T11:39:45","guid":{"rendered":"http:\/\/www.agrupament.cat\/portal\/?p=22428"},"modified":"2016-06-01T12:39:45","modified_gmt":"2016-06-01T11:39:45","slug":"oferta-formativa-especializada-en-transportes-en-junio","status":"publish","type":"post","link":"https:\/\/www.agrupament.cat\/portal\/2016\/06\/oferta-formativa-especializada-en-transportes-en-junio\/","title":{"rendered":"Oferta formativa especializada en transportes en junio"},"content":{"rendered":"<p>En el <strong><span style=\"color: #333399;\"><a style=\"color: #333399;\" href=\"http:\/\/www.formacion-ffe.es\">Centro de Formaci\u00f3n del Transporte Terrestre <\/a><\/span><\/strong><br \/>\n\u00b7 Inscripci\u00f3n abierta<br \/>\n\u00b7 Dirigida a profesionales del sector<\/p>\n<p>La Fundaci\u00f3n de los Ferrocarriles Espa\u00f1oles, a trav\u00e9s de su Centro de Formaci\u00f3n del Transporte, ofrece una formaci\u00f3n de un nivel t\u00e9cnico especializado, dirigida a profesionales del sector y al intercambio de conocimiento y experiencias entre empresas.<\/p>\n<p>La actividad se centra en el desarrollo de una formaci\u00f3n propia a trav\u00e9s de &#8220;microcursos&#8221;, formaci\u00f3n semi-presencial y online, adem\u00e1s del Curso General de Transportes Terrestres.<\/p>\n<p>Tambi\u00e9n desarrolla una funci\u00f3n de apoyo al Sector (universidades, empresas, centros de formaci\u00f3n) facilitando profesores, documentaci\u00f3n, propiciando encuentros entre los responsables de formaci\u00f3n, dando difusi\u00f3n a las diferentes iniciativas, unificando y publicando calendarios, etc.<\/p>\n<p>Durante el mes de junio, el Centro de Formaci\u00f3n del Transporte ofrece:<\/p>\n<p><strong>Jornadas formativas<\/strong><br \/>\nSu objetivo es dar a conocer las instrucciones ferroviarias aprobadas por el Ministerio de Fomento y analizarlas.<\/p>\n<p>\u00b7 Instrucci\u00f3n ferroviaria de g\u00e1libos (IFG). Marco normativo. Aplicaci\u00f3n sobre el material rodante. 8 de junio<br \/>\n\u00b7 Desarrollo de la IFG y de la IF-3. G\u00e1libos de implantaci\u00f3n de obst\u00e1culos y de cargamento. Norma IF-3 sobre proyectos y construcci\u00f3n de obras ferroviarias. 13 de junio.<\/p>\n<p><strong>Cursos monogr\u00e1ficos<\/strong><br \/>\nSesiones tem\u00e1ticas espec\u00edficas del sector del transporte, donde se describen y analizan temas de actualidad.<\/p>\n<p>\u00b7Innovaciones tecnol\u00f3gicas en veh\u00edculos para el transporte de viajeros. 2 de junio.<\/p>\n<p><strong>Plataforma online<\/strong><br \/>\nEstos cursos tienen una convocatoria permanente y ofrecen la oportunidad de formaci\u00f3n y participaci\u00f3n en foros a nivel internacional con el apoyo de tutores y profesores. Estructurado en tres l\u00edneas de actuaci\u00f3n, la formativa, comunicativa e interactiva.<\/p>\n<p>Actualmente est\u00e1n abiertos los siguientes cursos:<br \/>\n\u00b7 Curso b\u00e1sico sobre se\u00f1alizaci\u00f3n ferroviaria (80 horas)<br \/>\n\u00b7 Derecho del trabajo en el \u00e1mbito del transporte (60 horas)<br \/>\n\u00b7 Transporte de mercanc\u00edas por ferrocarril (45 horas)<br \/>\n\u00b7 Mantenimiento del material rodante (25 horas)<br \/>\n\u00b7 Transportes colectivos en plataformas reservadas: tranv\u00edas, metros ligeros y BRT\u2019s. Modelos de colaboraci\u00f3n p\u00fablico-privada (45 horas)<br \/>\n\u00b7 Modelos de demanda de viajeros en proyectos de inversi\u00f3n de infraestructuras. Aplicaci\u00f3n al caso de los ferrocarriles (25 horas)<br \/>\n\u00b7 Protecci\u00f3n contra incendios en el material ferroviario (25)<br \/>\n\u00b7 Introducci\u00f3n a las tecnolog\u00edas de la informaci\u00f3n y las comunicaciones en el ferrocarril (pr\u00f3ximo curso)<\/p>\n<p><strong>Campus Adif-FFE<\/strong><br \/>\nCursos que se pueden realizar de forma presencial y online, sobre los siguientes temas:<br \/>\n\u00b7 Autom\u00e1tica<br \/>\n\u00b7 Energ\u00eda<br \/>\n\u00b7 I+D+i<br \/>\n\u00b7 Inform\u00e1tica avanzada y redes<br \/>\n\u00b7 Ingenier\u00eda y mantenimiento<br \/>\n\u00b7 Mantenimiento de instalaciones de electrificaci\u00f3n<br \/>\n\u00b7 Mantenimiento de instalaciones de seguridad<br \/>\n\u00b7 Mantenimiento de v\u00eda. Mantenimiento de telecomunicaciones<br \/>\n\u00b7 Transporte<\/p>\n","protected":false},"excerpt":{"rendered":"<p>En el Centro de Formaci\u00f3n del Transporte Terrestre \u00b7 Inscripci\u00f3n abierta \u00b7 Dirigida a profesionales del sector La Fundaci\u00f3n de<\/p>\n","protected":false},"author":4,"featured_media":22429,"comment_status":"closed","ping_status":"open","sticky":false,"template":"","format":"standard","meta":{"footnotes":""},"categories":[],"tags":[25,93,84],"class_list":["post-22428","post","type-post","status-publish","format-standard","has-post-thumbnail","hentry","tag-actes-congrtesosi-exposicions-fires-i-formacio","tag-ffe-fundacion-ferrocarriles-espanoles","tag-madrid","comments-off"],"_links":{"self":[{"href":"https:\/\/www.agrupament.cat\/portal\/wp-json\/wp\/v2\/posts\/22428","targetHints":{"allow":["GET"]}}],"collection":[{"href":"https:\/\/www.agrupament.cat\/portal\/wp-json\/wp\/v2\/posts"}],"about":[{"href":"https:\/\/www.agrupament.cat\/portal\/wp-json\/wp\/v2\/types\/post"}],"author":[{"embeddable":true,"href":"https:\/\/www.agrupament.cat\/portal\/wp-json\/wp\/v2\/users\/4"}],"replies":[{"embeddable":true,"href":"https:\/\/www.agrupament.cat\/portal\/wp-json\/wp\/v2\/comments?post=22428"}],"version-history":[{"count":1,"href":"https:\/\/www.agrupament.cat\/portal\/wp-json\/wp\/v2\/posts\/22428\/revisions"}],"predecessor-version":[{"id":22430,"href":"https:\/\/www.agrupament.cat\/portal\/wp-json\/wp\/v2\/posts\/22428\/revisions\/22430"}],"wp:featuredmedia":[{"embeddable":true,"href":"https:\/\/www.agrupament.cat\/portal\/wp-json\/wp\/v2\/media\/22429"}],"wp:attachment":[{"href":"https:\/\/www.agrupament.cat\/portal\/wp-json\/wp\/v2\/media?parent=22428"}],"wp:term":[{"taxonomy":"category","embeddable":true,"href":"https:\/\/www.agrupament.cat\/portal\/wp-json\/wp\/v2\/categories?post=22428"},{"taxonomy":"post_tag","embeddable":true,"href":"https:\/\/www.agrupament.cat\/portal\/wp-json\/wp\/v2\/tags?post=22428"}],"curies":[{"name":"wp","href":"https:\/\/api.w.org\/{rel}","templated":true}]}}