{"id":22413,"date":"2016-05-30T09:04:26","date_gmt":"2016-05-30T08:04:26","guid":{"rendered":"http:\/\/www.agrupament.cat\/portal\/?p=22413"},"modified":"2016-05-30T09:06:52","modified_gmt":"2016-05-30T08:06:52","slug":"jornada-sobre-el-cuarto-paquete-ferroviario-hacia-la-liberalizacion-del-transporte-ferroviario","status":"publish","type":"post","link":"https:\/\/www.agrupament.cat\/portal\/2016\/05\/jornada-sobre-el-cuarto-paquete-ferroviario-hacia-la-liberalizacion-del-transporte-ferroviario\/","title":{"rendered":"Jornada sobre el \u201cCuarto paquete ferroviario: Hacia la liberalizaci\u00f3n del transporte ferroviario\u201d."},"content":{"rendered":"<p><img loading=\"lazy\" decoding=\"async\" class=\"alignleft size-full wp-image-7601\" src=\"http:\/\/www.agrupament.cat\/portal\/wp-content\/uploads\/2010\/06\/FFE2.jpg\" alt=\"FFE2\" width=\"90\" height=\"38\" \/>En el Centro de Formaci\u00f3n del Transporte Terrestre.<\/p>\n<p>Participan representantes del Ministerio de Fomento, la Agencia Espa\u00f1ola de Seguridad Ferroviaria, el Gabinete de la Secretar\u00eda General de Transportes y la Subdirecci\u00f3n General de Relaciones Internacionales<\/p>\n<p><strong>Abiertas las inscripciones<\/strong><br \/>\nEl pr\u00f3ximo martes 31 de mayo el Centro de Formaci\u00f3n del Transporte Terrestre de la Fundaci\u00f3n de los Ferrocarriles Espa\u00f1oles, organiza una jornada sobre el espacio ferroviario europeo \u00fanico titulada \u201cCuarto paquete ferroviario: Hacia la liberalizaci\u00f3n del transporte ferroviario\u201d. En este encuentro se analizar\u00e1n cuestiones como el funcionamiento de las instituciones europeas, los plazos para la liberalizaci\u00f3n del transporte de viajeros por ferrocarril, los distintos modelos de relaci\u00f3n entre infraestructura y operaci\u00f3n, los modelos de explotaci\u00f3n y concesiones, y el cierre definitivo y del Cuarto Paquete y sus plazos de aplicaci\u00f3n.<\/p>\n<p>La jornada permitir\u00e1 conocer el nuevo marco legislativo del sector ferroviario, que entrar\u00e1 en vigor el segundo semestre del 2016 y las nuevas competencias en materia de seguridad e interoperabilidad que afectan a fabricantes, operadores y gestores de infraestructura.<br \/>\nAsimismo se podr\u00e1n conocer los requisitos de gobernanza de operadores y gestores de infraestructura y las caracter\u00edsticas de la apertura gradual del mercado de transporte de viajeros, tanto para servicios comerciales como para los llamados de obligaci\u00f3n de servicio p\u00fablico.<\/p>\n<p>El profesorado est\u00e1 compuesto por representantes del Ministerio de Fomento, la Agencia Espa\u00f1ola de Seguridad Ferroviaria, el Gabinete de la Secretar\u00eda General de Transportes y la Subdirecci\u00f3n General de Relaciones Internacionales.<\/p>\n<p>Este evento est\u00e1 dirigido a profesionales del sector ferroviario (fabricantes, operadores y gestores de infraestructura) interesados en conocer las nuevas competencias en materia de seguridad e interoperabilidad, recogidas en el nuevo marco legislativo, que entrar\u00e1 en vigor el segundo semestre del 2016, as\u00ed como las caracter\u00edsticas de la apertura del mercado de transporte de viajeros por ferrocarril.<\/p>\n<p><strong>Programa<\/strong><br \/>\nLa jornada se estructura en seis ponencias a las que seguir\u00e1 turnos de preguntas:<br \/>\n1.- Espacio Ferroviario \u00danico Europeo. Introducci\u00f3n al Cuarto Paquete Ferroviario. Paloma Iribas Forcat, SG de Relaciones Internacionales.<br \/>\n2.- Pilar T\u00e9cnico. Interoperabilidad. Jos\u00e9 Luis Gonz\u00e1lez Navarro, Coordinador de Transporte Ferroviario en la Agencia Espa\u00f1ola de Seguridad Ferroviaria.<br \/>\n3.- Pilar T\u00e9cnico. Seguridad. Ester Fern\u00e1ndez Garc\u00eda-Obledo, Jefe de \u00c1rea de la Agencia Espa\u00f1ola de Seguridad Ferroviaria.<br \/>\n4.- Pilar T\u00e9cnico. Agencia Ferroviaria Europea. Eduardo de Santiago Gonz\u00e1lez, Subdirector General de Coordinaci\u00f3n de la Agencia Espa\u00f1ola de Seguridad Ferroviaria.<br \/>\n5.- Pilar Pol\u00edtico. Gobernanza de las empresas. Servicios Comerciales. Angeles Mar\u00edn Andreu, Vocal Asesor del Gabinete de la Secretar\u00eda General de Transporte.<br \/>\n6.- Pilar Pol\u00edtico. Obligaciones de Servicio P\u00fablico. Roberto Angulo Revilla, T\u00e9cnico Superior N26 del Gabinete de la Secretar\u00eda General de Transporte.<\/p>\n<p><strong>M\u00e1s informaci\u00f3n:<\/strong><br \/>\n\u00b7 Inscripciones: <span style=\"color: #1010a1;\"><strong><a style=\"color: #1010a1;\" href=\"http:\/\/www.formacion-ffe.es\">www.formacion-ffe.es<\/a><\/strong><\/span><br \/>\n\u00b7 Lugar de Celebraci\u00f3n: Centro del Formaci\u00f3n del Transporte \u00b7 Fundaci\u00f3n de los Ferrocarriles Espa\u00f1oles (Santa Isabel, 44 \u00b7 28012 Madrid)<br \/>\n\u00b7 Fechas y horario: martes 31 de mayo, 8.30 a 15.00 horas<\/p>\n","protected":false},"excerpt":{"rendered":"<p>En el Centro de Formaci\u00f3n del Transporte Terrestre. Participan representantes del Ministerio de Fomento, la Agencia Espa\u00f1ola de Seguridad Ferroviaria,<\/p>\n","protected":false},"author":4,"featured_media":22414,"comment_status":"closed","ping_status":"open","sticky":false,"template":"","format":"standard","meta":{"footnotes":""},"categories":[],"tags":[25,93,84],"class_list":["post-22413","post","type-post","status-publish","format-standard","has-post-thumbnail","hentry","tag-actes-congrtesosi-exposicions-fires-i-formacio","tag-ffe-fundacion-ferrocarriles-espanoles","tag-madrid","comments-off"],"_links":{"self":[{"href":"https:\/\/www.agrupament.cat\/portal\/wp-json\/wp\/v2\/posts\/22413","targetHints":{"allow":["GET"]}}],"collection":[{"href":"https:\/\/www.agrupament.cat\/portal\/wp-json\/wp\/v2\/posts"}],"about":[{"href":"https:\/\/www.agrupament.cat\/portal\/wp-json\/wp\/v2\/types\/post"}],"author":[{"embeddable":true,"href":"https:\/\/www.agrupament.cat\/portal\/wp-json\/wp\/v2\/users\/4"}],"replies":[{"embeddable":true,"href":"https:\/\/www.agrupament.cat\/portal\/wp-json\/wp\/v2\/comments?post=22413"}],"version-history":[{"count":4,"href":"https:\/\/www.agrupament.cat\/portal\/wp-json\/wp\/v2\/posts\/22413\/revisions"}],"predecessor-version":[{"id":22418,"href":"https:\/\/www.agrupament.cat\/portal\/wp-json\/wp\/v2\/posts\/22413\/revisions\/22418"}],"wp:featuredmedia":[{"embeddable":true,"href":"https:\/\/www.agrupament.cat\/portal\/wp-json\/wp\/v2\/media\/22414"}],"wp:attachment":[{"href":"https:\/\/www.agrupament.cat\/portal\/wp-json\/wp\/v2\/media?parent=22413"}],"wp:term":[{"taxonomy":"category","embeddable":true,"href":"https:\/\/www.agrupament.cat\/portal\/wp-json\/wp\/v2\/categories?post=22413"},{"taxonomy":"post_tag","embeddable":true,"href":"https:\/\/www.agrupament.cat\/portal\/wp-json\/wp\/v2\/tags?post=22413"}],"curies":[{"name":"wp","href":"https:\/\/api.w.org\/{rel}","templated":true}]}}