{"id":22378,"date":"2016-05-25T14:39:49","date_gmt":"2016-05-25T13:39:49","guid":{"rendered":"http:\/\/www.agrupament.cat\/portal\/?p=22378"},"modified":"2016-05-25T14:45:07","modified_gmt":"2016-05-25T13:45:07","slug":"president-puigdemont-el-corredor-mediterrani-ha-de-formar-part-de-manera-prioritaria-de-les-agendes-dels-governs-espanyol-i-frances","status":"publish","type":"post","link":"https:\/\/www.agrupament.cat\/portal\/2016\/05\/president-puigdemont-el-corredor-mediterrani-ha-de-formar-part-de-manera-prioritaria-de-les-agendes-dels-governs-espanyol-i-frances\/","title":{"rendered":"President Puigdemont: &#8220;El Corredor Mediterrani ha de formar part de manera priorit\u00e0ria de les agendes dels governs espanyol i franc\u00e8s&#8221;"},"content":{"rendered":"<p><img loading=\"lazy\" decoding=\"async\" class=\"alignleft size-full wp-image-9124\" src=\"http:\/\/www.agrupament.cat\/portal\/wp-content\/uploads\/2010\/11\/GenCatE02.png\" alt=\"GenCatE02\" width=\"30\" height=\"35\" \/>25\/05\/2015. Taula del Corredor Mediterrani<\/p>\n<p>El cap del Govern anuncia una reuni\u00f3 interregional a Val\u00e8ncia per \u201cconstatar en la pr\u00e0ctica el que representa el retard d\u2019aquesta infraestructura\u201d.<br \/>\nUn centenar d\u2019agents econ\u00f2mics i socials i administracions han participat a la Taula Estrat\u00e8gica del Corredor Mediterrani per impulsar un eix que concentra el 44% del PIB de tot l\u2019Estat.<\/p>\n<p>El president de la Generalitat, Carles Puigdemont, ha reivindicat aquest mat\u00ed \u201cla imperiosa necessitat que el Corredor Mediterrani formi part de manera priorit\u00e0ria de les agendes dels governs espanyol i franc\u00e8s\u201d, perqu\u00e8 es tracta d\u2019una \u201cprioritat inajornable\u201d.<\/p>\n<p>El cap de l\u2019Executiu ha anunciat que en les properes setmanes es far\u00e0 una reuni\u00f3 a Val\u00e8ncia amb els governs valenci\u00e0, balear i tamb\u00e9 en sintonia amb els de M\u00farcia i Andalusia i molt significativament de la regi\u00f3 d\u2019Almeria, per demostrar \u201cel gran i creixent consens interregional\u201d i \u201cconstatar en la pr\u00e0ctica el que representa el retard de Corredor Mediterrani\u201d. Ho ha dit despr\u00e9s de celebrar-se la reuni\u00f3 de la Taula Estrat\u00e8gica del Corredor Mediterrani, on tamb\u00e9 hi han participat el consellers de Territori i Sostenibilitat, Josep Rull, i d\u2019Empresa i Coneixement, Jordi Baiget.<\/p>\n<p>El president ha explicat que d\u2019aquesta manera es vol donar \u201cun missatge clar i contundent sobretot a l\u2019Estat espanyol i a la Uni\u00f3 Europea\u201d. \u201cVolem que el Govern espanyol escolti la veu d\u2019Europa, de la societat diversa i plural, amb empresaris, institucions, sindicats, universitats, representants pol\u00edtics, que considerem de manera molt generalitzada que cal atenci\u00f3, comprom\u00eds i execuci\u00f3 sense demora als projectes que formen part del tram del Corredor Mediterrani\u201d, ha reblat.<\/p>\n<p>El cap del Govern ha subratllat tamb\u00e9 \u201cl\u2019enorme consens social i pol\u00edtic\u201d que hi ha hagut entre els m\u00e9s d\u2019un centenar d\u2019agents econ\u00f2mics i socials i administracions participants a la sessi\u00f3 de treball que s\u2019ha celebrat avui a Pedralbes respecte a la \u201cpreocupaci\u00f3 pel retard\u201d d\u2019aquesta infraestructura i a les conseq\u00fc\u00e8ncies que se\u2019n deriven. I, en aquest sentit, s\u2019ha mostrat conven\u00e7ut que amb la voluntat de coordinaci\u00f3 entre territoris i els actors diversos implicats \u201cen els deures del futur Govern de l\u2019Estat espanyol, a les primeres ratlles de la llibreta en blanc que haur\u00e0 d\u2019obrir hi hauria de constar, per voluntat d\u2019ampl\u00edssim consens de tot aquest territori, una obra que discorre a un espai on l\u2019economia europea se la juga\u201d.<\/p>\n<p>En la seva compareixen\u00e7a davant dels mitjans de comunicaci\u00f3, el president s\u2019ha referit a l\u2019informe em\u00e8s ahir pel Tribunal de Comptes de la UE que denuncia la manca de comprom\u00eds dels governs espanyol i franc\u00e8s per tirar endavant el corredor Mediterrani. Una \u201calerta europea\u201d, ha dit Carles Puigdemont, que \u201cens confirma que estem en temps de descompte\u201d. El cap de l\u2019Executiu ha recordat, en aquest sentit, que prop de 20.000 trens haurien de circular di\u00e0riament pel corredor abans del 2019, i actualment n\u2019hi passen menys d\u2019un miler. \u201cQuan parlem de retard, estem parlant de p\u00e8rdua de llocs de treball, de competitivitat de les nostres economies i d\u2019oportunitats en l\u2019estrat\u00e8gia d\u2019industrialitzaci\u00f3 del nostre teixit econ\u00f2mic\u201d. I aix\u00f2, ha reblat, \u201ct\u00e9 conseq\u00fc\u00e8ncies absolutament perjudicials per a la nostra gent\u201d.<\/p>\n<p>\u201cVolem i necessitem que sigui una realitat aquesta expectativa que diu la UE que t\u00e9 el corredor Mediterrani\u201d, ha continuat el president, perqu\u00e8, ha recordat, \u00e9s una infraestructura que \u201cdiscorre per un espai on l\u2019economia europea se la juga\u201d. I \u00e9s que \u00e9s un eix que concentra el 44% del PIB de tot l\u2019Estat espanyol, el 50% de les exportacions i les importacions i el 47% de les empreses que hi ha a tot l\u2019Estat. Aglutina tamb\u00e9 grans infraestructures com els ports d\u2019Algesires, Almer\u00eda, M\u00e0laga, Motril, Almer\u00eda, Cartagena, Alacant, Val\u00e8ncia-Sagunt, Castell\u00f3, Tarragona i Barcelona, que generen el 78% de tot el tr\u00e0nsit de mercaderies de l\u2019Estat i el 82% del moviment de contenidors.<\/p>\n<p><strong>L\u00ednies de treball de la Taula Estrat\u00e8gica<\/strong><br \/>\nJustament, l\u2019estrat\u00e8gia institucional \u00e9s una de les sis l\u00ednies de treball acordades en la reuni\u00f3 d\u2019aquest mat\u00ed de la Taula Estrat\u00e8gica del Corredor Mediterrani. En aquest camp, a banda d\u2019acords amb Val\u00e8ncia, M\u00farcia, les Illes Balears i Andalusia, tamb\u00e9 s\u2019establiran mecanismes de seguiment i col\u00b7laboraci\u00f3 amb els governs de l\u2019Estat i de la UE.<\/p>\n<p>En mat\u00e8ria d\u2019infraestructures, es definir\u00e0 una agenda d\u2019inversions certa i cre\u00efble acordada amb l\u2019Estat i la UE. I pel que fa als serveis de transport i log\u00edstica i la seva digitalitzaci\u00f3, es crear\u00e0 un Comit\u00e8 catal\u00e0 de serveis multimodals.<\/p>\n<p>En l\u2019\u00e0mbit econ\u00f2mic, s\u2019analitzaran les necessitats en mat\u00e8ria de transports de les diferents activitats econ\u00f2miques per promoure el creixement d\u2019importacions i exportacions.<\/p>\n<p>Finalment, en el terreny comunicatiu, es crear\u00e0 i difondr\u00e0 la marca CMED com a referent mundial. I, a nivell operatiu es crear\u00e0 l\u2019Oficina Catalana del CMED.<\/p>\n<p>Per garantir l\u2019operativitat de les actuacions, es crearan quatre grups de treball que seran els encarregats de desenvolupar les diferents estrat\u00e8gies i que estaran integrats per representants dels agents econ\u00f2mics, socials i institucionals presents a la Taula. Una comissi\u00f3 permanent elaborar\u00e0 el calendari a seguir i vetllar\u00e0 per la transpar\u00e8ncia, la transversalitat i el seguiment de les actuacions.<\/p>\n<p>Dossier <span style=\"color: #000000;\"><strong><a style=\"color: #000000;\" href=\"http:\/\/premsa.gencat.cat\/pres_fsvp\/docs\/2016\/05\/25\/11\/45\/96826625-1c88-445d-92e7-1f665dea86f0.pdf\">Corredor Mediterrani<\/a>. Generalitat de Catalunya<\/strong><\/span><\/p>\n","protected":false},"excerpt":{"rendered":"<p>25\/05\/2015. Taula del Corredor Mediterrani El cap del Govern anuncia una reuni\u00f3 interregional a Val\u00e8ncia per \u201cconstatar en la pr\u00e0ctica<\/p>\n","protected":false},"author":4,"featured_media":22379,"comment_status":"closed","ping_status":"open","sticky":false,"template":"","format":"standard","meta":{"footnotes":""},"categories":[],"tags":[25,36,87],"class_list":["post-22378","post","type-post","status-publish","format-standard","has-post-thumbnail","hentry","tag-actes-congrtesosi-exposicions-fires-i-formacio","tag-catalunya","tag-corredor-del-mediterrani","comments-off"],"_links":{"self":[{"href":"https:\/\/www.agrupament.cat\/portal\/wp-json\/wp\/v2\/posts\/22378","targetHints":{"allow":["GET"]}}],"collection":[{"href":"https:\/\/www.agrupament.cat\/portal\/wp-json\/wp\/v2\/posts"}],"about":[{"href":"https:\/\/www.agrupament.cat\/portal\/wp-json\/wp\/v2\/types\/post"}],"author":[{"embeddable":true,"href":"https:\/\/www.agrupament.cat\/portal\/wp-json\/wp\/v2\/users\/4"}],"replies":[{"embeddable":true,"href":"https:\/\/www.agrupament.cat\/portal\/wp-json\/wp\/v2\/comments?post=22378"}],"version-history":[{"count":2,"href":"https:\/\/www.agrupament.cat\/portal\/wp-json\/wp\/v2\/posts\/22378\/revisions"}],"predecessor-version":[{"id":22381,"href":"https:\/\/www.agrupament.cat\/portal\/wp-json\/wp\/v2\/posts\/22378\/revisions\/22381"}],"wp:featuredmedia":[{"embeddable":true,"href":"https:\/\/www.agrupament.cat\/portal\/wp-json\/wp\/v2\/media\/22379"}],"wp:attachment":[{"href":"https:\/\/www.agrupament.cat\/portal\/wp-json\/wp\/v2\/media?parent=22378"}],"wp:term":[{"taxonomy":"category","embeddable":true,"href":"https:\/\/www.agrupament.cat\/portal\/wp-json\/wp\/v2\/categories?post=22378"},{"taxonomy":"post_tag","embeddable":true,"href":"https:\/\/www.agrupament.cat\/portal\/wp-json\/wp\/v2\/tags?post=22378"}],"curies":[{"name":"wp","href":"https:\/\/api.w.org\/{rel}","templated":true}]}}