{"id":22226,"date":"2016-04-30T08:09:57","date_gmt":"2016-04-30T07:09:57","guid":{"rendered":"http:\/\/www.agrupament.cat\/portal\/?p=22226"},"modified":"2016-04-30T08:13:46","modified_gmt":"2016-04-30T07:13:46","slug":"entrega-de-premios-e-inauguracion-de-la-exposicion-del-28o-concurso-fotografico-caminos-de-hierro-las-imagenes-del-ferrocarril","status":"publish","type":"post","link":"https:\/\/www.agrupament.cat\/portal\/2016\/04\/entrega-de-premios-e-inauguracion-de-la-exposicion-del-28o-concurso-fotografico-caminos-de-hierro-las-imagenes-del-ferrocarril\/","title":{"rendered":"Entrega de premios e inauguraci\u00f3n de la exposici\u00f3n del 28\u00ba concurso fotogr\u00e1fico \u2018Caminos de Hierro\u2019, las im\u00e1genes del ferrocarril"},"content":{"rendered":"<p><img loading=\"lazy\" decoding=\"async\" class=\"alignleft size-full wp-image-17559\" src=\"http:\/\/www.agrupament.cat\/portal\/wp-content\/uploads\/2014\/03\/Caminos-de-Hierro..jpg\" alt=\"Caminos de Hierro.\" width=\"73\" height=\"50\" \/>\u00b7 La fot\u00f3grafa rusa Nataliya Kharlamova ha obtenido el primer premio.<br \/>\n\u00b7 El concurso, dotado con 16.000 euros y organizado por la Fundaci\u00f3n de los Ferrocarriles Espa\u00f1oles, ha tenido una gran proyecci\u00f3n internacional con m\u00e1s de 5.000 fotograf\u00edas de 46 pa\u00edses.<br \/>\n\u00b7 La exposici\u00f3n recorrer\u00e1 20 estaciones de Adif hasta enero de 2018<\/p>\n<p>La Fundaci\u00f3n de los Ferrocarriles Espa\u00f1oles ha entregado los premios del 28\u00ba concurso fotogr\u00e1fico \u2018Caminos de Hierro\u2019 en el Palacio de Fern\u00e1n N\u00fa\u00f1ez (Madrid), donde tambi\u00e9n se ha inaugurado la exposici\u00f3n itinerante. Al concurso, dotado con 16.000 euros, se han presentado 5.045 fotograf\u00edas de 2.183 autores procedentes de 46 pa\u00edses, lo que supone un incremento del 100% tanto en n\u00famero de fotograf\u00edas como de participantes y pa\u00edses de procedencia de los mismos en relaci\u00f3n a la edici\u00f3n anterior. Asimismo, en esta edici\u00f3n las fotograf\u00edas se han presentado por primera vez en formato digital y, una vez realizada una selecci\u00f3n, los autores elegidos las han enviado en formato papel.<\/p>\n<p><strong>Jurado<\/strong><br \/>\nEl jurado estaba formado por B\u00e1rbara Allende \u2013 Ouka Leele (fot\u00f3grafa), Jos\u00e9 Luis Amores (director de efti Centro Internacional de Fotograf\u00eda y Cine), Juan Pedro Galiano (subdirector de Comunicaci\u00f3n Interna y Reputaci\u00f3n de Adif), Oliva Mar\u00eda Rubio (comisaria y directora Art\u00edstica de La F\u00e1brica), Encarna Mozas (primer premio de la 27\u00aa edici\u00f3n de \u2018Caminos de Hierro\u2019), Enrique Sanz (presidente de la Real Sociedad Fotogr\u00e1fica de Madrid), Antonio Tabernero (Comit\u00e9 de Selecci\u00f3n) y Juan Altares (Fundaci\u00f3n de los Ferrocarriles Espa\u00f1oles), como secretario.<\/p>\n<p><strong>Galardonados en esta edici\u00f3n<\/strong><br \/>\n\u00b7 Nataliya Kharlamova \u2013 \u201cTrain to Siberia\u201d<br \/>\nEl primer premio, dotado con 6.000 euros, es para la fotograf\u00eda \u201cTrain to Siberia\u201d, de Nataliya Kharlamova. Fot\u00f3grafa rusa nacida en 1978, ha sido alumna de Alexander Lapin. Hasta 2011 se dedic\u00f3 a la fotograf\u00eda en el teatro, adem\u00e1s de ser editora de im\u00e1genes en diferentes medios. Desde 2009 se dedica a la fotograf\u00eda documental y empieza un proyecto sobre adultos y ni\u00f1os con discapacidad. Actualmente, realiza un documental sobre minusv\u00e1lidos mentales y un proyecto de fotograf\u00eda y v\u00eddeo en Tuva, Siberia. En 2012 fue premiada con el PhotoPhilantropy Activist Awards y en 2015 con el Without Barriers.<\/p>\n<p>\u00b7\u201cNiebla, kilovatios y velocidad\u201d, de Alejandro Caporale, ha recibido el segundo premio, dotado con 3.000 euros. Nacido en 1972 en La Plata (Argentina), reside en Espa\u00f1a desde 1976. En 1990 obtiene una beca en la Fundaci\u00f3n Casa de Moneda en Madrid, donde descubre su pasi\u00f3n por la fotograf\u00eda. Trabaja como fot\u00f3grafo para Carolina Herrera, Purificaci\u00f3n Garc\u00eda y para los arquitectos C\u00e9sar Portela y Manolo Gallego. Desde 2010 se dedica a proyectos de fotograf\u00eda y video creaci\u00f3n. A lo largo de su trayectoria, que incluye numerosas exposiciones individuales y colectivas, ha recibido diversos premios y reconocimientos.<\/p>\n<p>El premio Autor Joven es para la obra \u201cB\u00fasqueda\u201d, de la fot\u00f3grafa vasca Sara Berasaluce Duque, nacida en 1992 en Vitoria-Gasteiz, es graduada en Arte y obtiene el M\u00e1ster en Educaci\u00f3n Art\u00edstica en Instituciones Culturales y Sociales. Ha trabajado en el Museo Nacional Centro de Arte Reina Sof\u00eda y actualmente se centra en proyectos art\u00edsticos relacionados con la fotograf\u00eda, el archivo y la memoria. Ha sido premiada en varios concursos, adem\u00e1s de finalista en el 27\u00ba Caminos de Hierro.<\/p>\n<p><strong>Acc\u00e9sit<\/strong><br \/>\nLos fot\u00f3grafos que han recibido un acc\u00e9sit son Tete Alejandre (C\u00e1ceres), Max \u00c1lvarez (Mieres, Asturias), Alfonso Batalla de Antonio (Bilbao, Vizcaya), Katy G\u00f3mez L\u00f3pez (\u00dabeda, Ja\u00e9n), Jes\u00fas Labandeira (Madrid), Simone Maestra (A Coru\u00f1a \/ Italia), Elena Mor\u00f3n Serna (Sevilla), Ra\u00fal Mu\u00f1oz Ramos (Zaragoza), Eduardo Rivas Mu\u00f1oz (Santander, Cantabria) y Wilhem Scholz (Estados Unidos \/ Alemania).<\/p>\n<p><strong>Exposici\u00f3n itinerante<\/strong><br \/>\nLa exposici\u00f3n est\u00e1 formada por las trece fotograf\u00edas premiadas y por otras 30 obras seleccionadas, de un total de 43 autores, todas ellas originales. Despu\u00e9s de Madrid, visitar\u00e1 hasta enero de 2018 las estaciones de ferrocarril de M\u00e9rida, Valladolid, Santander, Bilbao, Zaragoza, Girona, Valencia, Murcia, Granada, C\u00e1diz, Ciudad Real, C\u00e1ceres, Salamanca, Pontevedra, Oviedo, Vitoria, Logro\u00f1o, Barcelona y Madrid. Se calcula que la exposici\u00f3n del anterior concurso fue vista por cinco millones de personas, y se estima que esta nueva muestra supere estas cifras.<\/p>\n<p>Este recorrido forma parte de las acciones de responsabilidad social corporativa y sostenibilidad de Adif (Administrador de Infraestructuras Ferroviarias), a trav\u00e9s de su Programa Estaci\u00f3n Abierta, que tiene entre sus objetivos potenciar las estaciones como espacios de encuentro, cultura y difusi\u00f3n de valores accesibles a todos los ciudadanos. En este Programa tienen cabida actividades de inter\u00e9s social y utilidad p\u00fablica, como exposiciones, conciertos y campa\u00f1as de difusi\u00f3n y sensibilizaci\u00f3n de valores.<\/p>\n<p><strong>El concurso<\/strong><br \/>\n\u2018Caminos de Hierro\u2019 fue creado en 1986 por la Fundaci\u00f3n de los Ferrocarriles Espa\u00f1oles, para fomentar y promocionar la fotograf\u00eda relacionada con el ferrocarril. Desde entonces han participado m\u00e1s de 32.000 fot\u00f3grafos, con m\u00e1s de 72.000 fotograf\u00edas, provenientes no s\u00f3lo de Espa\u00f1a y otros pa\u00edses europeos, sino tambi\u00e9n de todo el mundo.<\/p>\n<p>Desde este certamen se apoyan las nuevas tendencias fotogr\u00e1ficas y la participaci\u00f3n de autores j\u00f3venes. El concurso ha supuesto para la Fundaci\u00f3n de los Ferrocarriles Espa\u00f1oles el Premio Nacional de Fotograf\u00eda, en la categor\u00eda de mecenas, otorgado por la Confederaci\u00f3n Espa\u00f1ola de Fotograf\u00eda en 1997.<\/p>\n<p>En la p\u00e1gina web del concurso, que recibe m\u00e1s de 100.000 visitas anuales, est\u00e1 disponible toda la informaci\u00f3n sobre \u2018Caminos de Hierro\u2019 y se pueden ver todas las fotograf\u00edas premiadas a lo largo de la historia del certamen.<\/p>\n<p>Exposici\u00f3n fotogr\u00e1fica 28\u00ba \u201cCaminos de Hierro\u201d<br \/>\n28 de abril al 21 de mayo<br \/>\nLunes a s\u00e1bado de 11 a 20 horas (excepto festivos)<\/p>\n<p>Fundaci\u00f3n de los Ferrocarriles Espa\u00f1oles .\u00a0Palacio de Fern\u00e1n N\u00fa\u00f1ez \u00b7 Santa Isabel 44, Madrid<br \/>\n<strong>Entrada gratuita<\/strong><\/p>\n<p>M\u00e1s informaci\u00f3n: <span style=\"color: #000080;\"><strong><a style=\"color: #000080;\" href=\"http:\/\/www.caminosdehierro.es\">www.caminosdehierro.es<\/a><\/strong><\/span><br \/>\ncultura@ffe.es \u00a0tel\u00e9fono +34 911 511 017<\/p>\n","protected":false},"excerpt":{"rendered":"<p>\u00b7 La fot\u00f3grafa rusa Nataliya Kharlamova ha obtenido el primer premio. \u00b7 El concurso, dotado con 16.000 euros y organizado<\/p>\n","protected":false},"author":4,"featured_media":22227,"comment_status":"closed","ping_status":"open","sticky":false,"template":"","format":"standard","meta":{"footnotes":""},"categories":[],"tags":[25,93,84,379],"class_list":["post-22226","post","type-post","status-publish","format-standard","has-post-thumbnail","hentry","tag-actes-congrtesosi-exposicions-fires-i-formacio","tag-ffe-fundacion-ferrocarriles-espanoles","tag-madrid","tag-palacio-fernan-nunez","comments-off"],"_links":{"self":[{"href":"https:\/\/www.agrupament.cat\/portal\/wp-json\/wp\/v2\/posts\/22226","targetHints":{"allow":["GET"]}}],"collection":[{"href":"https:\/\/www.agrupament.cat\/portal\/wp-json\/wp\/v2\/posts"}],"about":[{"href":"https:\/\/www.agrupament.cat\/portal\/wp-json\/wp\/v2\/types\/post"}],"author":[{"embeddable":true,"href":"https:\/\/www.agrupament.cat\/portal\/wp-json\/wp\/v2\/users\/4"}],"replies":[{"embeddable":true,"href":"https:\/\/www.agrupament.cat\/portal\/wp-json\/wp\/v2\/comments?post=22226"}],"version-history":[{"count":3,"href":"https:\/\/www.agrupament.cat\/portal\/wp-json\/wp\/v2\/posts\/22226\/revisions"}],"predecessor-version":[{"id":22230,"href":"https:\/\/www.agrupament.cat\/portal\/wp-json\/wp\/v2\/posts\/22226\/revisions\/22230"}],"wp:featuredmedia":[{"embeddable":true,"href":"https:\/\/www.agrupament.cat\/portal\/wp-json\/wp\/v2\/media\/22227"}],"wp:attachment":[{"href":"https:\/\/www.agrupament.cat\/portal\/wp-json\/wp\/v2\/media?parent=22226"}],"wp:term":[{"taxonomy":"category","embeddable":true,"href":"https:\/\/www.agrupament.cat\/portal\/wp-json\/wp\/v2\/categories?post=22226"},{"taxonomy":"post_tag","embeddable":true,"href":"https:\/\/www.agrupament.cat\/portal\/wp-json\/wp\/v2\/tags?post=22226"}],"curies":[{"name":"wp","href":"https:\/\/api.w.org\/{rel}","templated":true}]}}