{"id":22072,"date":"2016-04-08T09:43:11","date_gmt":"2016-04-08T08:43:11","guid":{"rendered":"http:\/\/www.agrupament.cat\/portal\/?p=22072"},"modified":"2016-04-08T09:47:43","modified_gmt":"2016-04-08T08:47:43","slug":"afectacions-a-les-linies-dautobusos-per-la-38a-cursa-el-corte-ingles","status":"publish","type":"post","link":"https:\/\/www.agrupament.cat\/portal\/2016\/04\/afectacions-a-les-linies-dautobusos-per-la-38a-cursa-el-corte-ingles\/","title":{"rendered":"Afectacions a les l\u00ednies d\u2019autobusos per la 38a Cursa El Corte Ingl\u00e9s"},"content":{"rendered":"<p><img loading=\"lazy\" decoding=\"async\" class=\"alignleft size-full wp-image-9229\" src=\"http:\/\/www.agrupament.cat\/portal\/wp-content\/uploads\/2010\/12\/TMB01.gif\" alt=\"TMB01\" width=\"68\" height=\"50\" \/>TMB recomana el metro com a alternativa aquest diumenge al mat\u00ed<\/p>\n<p>Amb motiu de la celebraci\u00f3 de la 38a edici\u00f3 de la Cursa El Corte Ingl\u00e9s &#8211; Trofeu Internacional Ciutat de Barcelona, que tindr\u00e0 lloc aquest diumenge, 10 d\u2019abril, algunes l\u00ednies d\u2019autob\u00fas poden tenir afectacions pel que fa a recorregut i horari. Per aquesta ra\u00f3, Transports Metropolitans de Barcelona (TMB) recomana el metro per als despla\u00e7aments per la zona on transcorrer\u00e0 la prova esportiva.<\/p>\n<p>La cursa, de 10,7 km, sortir\u00e0 del passeig de Gr\u00e0cia\/pla\u00e7a Catalunya a les 9.30 hores i afectar\u00e0 tot el tr\u00e0nsit de superf\u00edcie per on es desenvolupi entre les 8.30 i les 12 hores, aproximadament. La prova recorrer\u00e0 els principals carrers de la ciutat: iniciar\u00e0 el circuit al passeig de Gr\u00e0cia (cosa que pot motivar el tancament de l\u2019acc\u00e9s de l\u2019estaci\u00f3 de metro de Catalunya de la L1 situat a pg. de Gr\u00e0cia &#8211; rda. Sant Pere en el moment de la sortida de la cursa) i seguir\u00e0 pels carrers d\u2019Arag\u00f3, Tarragona, pl. Espanya, av. Maria Cristina, Montju\u00efc, carrer Lleida, Floridablanca, rda. Sant Antoni, Pelai i pla\u00e7a Catalunya, on finalitzar\u00e0 la cursa.<\/p>\n<p><img loading=\"lazy\" decoding=\"async\" class=\"alignleft size-full wp-image-22076\" src=\"http:\/\/www.agrupament.cat\/portal\/wp-content\/uploads\/2016\/04\/TMB-Cursa-Corte-Ingles-2016.jpg\" alt=\"TMB Cursa Corte Ingles 2016\" width=\"1500\" height=\"917\" srcset=\"https:\/\/www.agrupament.cat\/portal\/wp-content\/uploads\/2016\/04\/TMB-Cursa-Corte-Ingles-2016.jpg 1500w, https:\/\/www.agrupament.cat\/portal\/wp-content\/uploads\/2016\/04\/TMB-Cursa-Corte-Ingles-2016-300x183.jpg 300w, https:\/\/www.agrupament.cat\/portal\/wp-content\/uploads\/2016\/04\/TMB-Cursa-Corte-Ingles-2016-768x470.jpg 768w, https:\/\/www.agrupament.cat\/portal\/wp-content\/uploads\/2016\/04\/TMB-Cursa-Corte-Ingles-2016-1024x626.jpg 1024w, https:\/\/www.agrupament.cat\/portal\/wp-content\/uploads\/2016\/04\/TMB-Cursa-Corte-Ingles-2016-350x214.jpg 350w\" sizes=\"auto, (max-width: 1500px) 100vw, 1500px\" \/><\/p>\n<p>Els desviaments afectaran 33 l\u00ednies de bus de TMB: D20, H12, H14, H16, V7, V11, V13, V15, 7, 13, 21, 22, 24, 27, 37, 41, 42, 46, 47, 50, 54, 55, 59, 62, 63, 65, 66, 67, 68, 79, 109, 150 i el bus alternatiu del funicular de Montju\u00efc.<\/p>\n<p>Per a m\u00e9s informaci\u00f3 es pot consultar l\u2019av\u00eds corresponent a la secci\u00f3 d\u2019<strong><span style=\"color: #ff0000;\"><a style=\"color: #ff0000;\" href=\"http:\/\/www.tmb.cat\/ca\/estat-del-servei\">estat del servei del web de TMB<\/a><\/span><\/strong> i al web <strong><span style=\"color: #339966;\"><a style=\"color: #339966;\" href=\"http:\/\/www.cursaelcorteingles.cat\/2016\/\">oficial de la cursa. <\/a><\/span><\/strong><br \/>\n8 d&#8217;abril del 2016<\/p>\n","protected":false},"excerpt":{"rendered":"<p>TMB recomana el metro com a alternativa aquest diumenge al mat\u00ed Amb motiu de la celebraci\u00f3 de la 38a edici\u00f3<\/p>\n","protected":false},"author":4,"featured_media":22073,"comment_status":"closed","ping_status":"open","sticky":false,"template":"","format":"standard","meta":{"footnotes":""},"categories":[],"tags":[25,35,111,225,56],"class_list":["post-22072","post","type-post","status-publish","format-standard","has-post-thumbnail","hentry","tag-actes-congrtesosi-exposicions-fires-i-formacio","tag-barcelona","tag-bus","tag-metro","tag-metro-barcelona-tmb","comments-off"],"_links":{"self":[{"href":"https:\/\/www.agrupament.cat\/portal\/wp-json\/wp\/v2\/posts\/22072","targetHints":{"allow":["GET"]}}],"collection":[{"href":"https:\/\/www.agrupament.cat\/portal\/wp-json\/wp\/v2\/posts"}],"about":[{"href":"https:\/\/www.agrupament.cat\/portal\/wp-json\/wp\/v2\/types\/post"}],"author":[{"embeddable":true,"href":"https:\/\/www.agrupament.cat\/portal\/wp-json\/wp\/v2\/users\/4"}],"replies":[{"embeddable":true,"href":"https:\/\/www.agrupament.cat\/portal\/wp-json\/wp\/v2\/comments?post=22072"}],"version-history":[{"count":2,"href":"https:\/\/www.agrupament.cat\/portal\/wp-json\/wp\/v2\/posts\/22072\/revisions"}],"predecessor-version":[{"id":22077,"href":"https:\/\/www.agrupament.cat\/portal\/wp-json\/wp\/v2\/posts\/22072\/revisions\/22077"}],"wp:featuredmedia":[{"embeddable":true,"href":"https:\/\/www.agrupament.cat\/portal\/wp-json\/wp\/v2\/media\/22073"}],"wp:attachment":[{"href":"https:\/\/www.agrupament.cat\/portal\/wp-json\/wp\/v2\/media?parent=22072"}],"wp:term":[{"taxonomy":"category","embeddable":true,"href":"https:\/\/www.agrupament.cat\/portal\/wp-json\/wp\/v2\/categories?post=22072"},{"taxonomy":"post_tag","embeddable":true,"href":"https:\/\/www.agrupament.cat\/portal\/wp-json\/wp\/v2\/tags?post=22072"}],"curies":[{"name":"wp","href":"https:\/\/api.w.org\/{rel}","templated":true}]}}