{"id":21984,"date":"2016-03-31T08:42:24","date_gmt":"2016-03-31T07:42:24","guid":{"rendered":"http:\/\/www.agrupament.cat\/portal\/?p=21984"},"modified":"2016-03-31T08:52:25","modified_gmt":"2016-03-31T07:52:25","slug":"mas-de-35-cursos-de-especializacion-en-transporte-terrestre","status":"publish","type":"post","link":"https:\/\/www.agrupament.cat\/portal\/2016\/03\/mas-de-35-cursos-de-especializacion-en-transporte-terrestre\/","title":{"rendered":"M\u00e1s de 35 cursos de especializaci\u00f3n en transporte terrestre"},"content":{"rendered":"<p><img loading=\"lazy\" decoding=\"async\" class=\"alignleft size-full wp-image-13156\" src=\"http:\/\/www.agrupament.cat\/portal\/wp-content\/uploads\/2012\/03\/FFE\u00b7AulaFerroviaria2.jpg\" alt=\"FFE\u00b7AulaFerroviaria2\" width=\"100\" height=\"35\" \/>Programaci\u00f3n de abril.<br \/>\nFormaci\u00f3n presencial y on-line.<br \/>\nImpartidos por expertos.<br \/>\nOrganizados por el Centro de Formaci\u00f3n del Transporte.<\/p>\n<p>La Fundaci\u00f3n de los Ferrocarriles Espa\u00f1oles, a trav\u00e9s del Centro de Formaci\u00f3n del Transporte, ofrece durante el mes de abril cursos especializados dirigidos al sector del transporte terrestre, especialmente al ferroviario.<br \/>\nEl Centro incorpora tecnolog\u00edas innovadoras y sistemas de aprendizaje muy avanzados para la formaci\u00f3n presencial, dotando sus instalaciones de equipamiento inform\u00e1tico, multimedia, entorno online y conectividad, que posibilita la conexi\u00f3n en remoto para la participaci\u00f3n del alumnado en modalidad telepresencial.<br \/>\nLa oferta es muy diversa y especializada: siete cursos presenciales, de los cuales, cuatro son monogr\u00e1ficos y tres son Microcursos; ocho cursos on-line sobre se\u00f1alizaci\u00f3n, derecho, mercanc\u00edas, material rodante, transporte colectivo, viajeros, protecci\u00f3n contra incendios, funiculares; y otros desarrollados en el marco del Campus Adif-FFE.<\/p>\n<p><strong>Formaci\u00f3n Presencial<\/strong><br \/>\nDentro de este itinerario formativo se ofrece un programa especial de cuatro Monogr\u00e1ficos y tres Microcursos, donde se abordar\u00e1n, analizar\u00e1n y debatir\u00e1n temas de actualidad e inter\u00e9s sobre temas actuales del transporte terrestre con la participaci\u00f3n de profesionales relevantes del panorama nacional e internacional del sector.<br \/>\n<strong>1) Cursos monogr\u00e1ficos<\/strong><br \/>\n\u00b7 \u201cRuido y contaminaci\u00f3n ac\u00fastica en las infraestructuras de transporte\u201d. 14 de abril.<br \/>\n\u00b7 \u201cDimensi\u00f3n ambiental de las infraestructuras y movilidad sostenible\u201d. 7 y 8 de abril.<br \/>\n\u00b7 &#8220;Normativa reguladora del transporte terrestre. Aplicaci\u00f3n a los distintos modos y servicios: los servicios de transporte de viajeros por carretera y de mercanc\u00edas por ferrocarril en Espa\u00f1a&#8221;. 1 de abril.<\/p>\n<p><strong>2) Microcursos<\/strong><br \/>\n\u00b7 \u201cLos bloqueos y la capacidad de transporte de una l\u00ednea. Tipos de bloqueos\u201d. 11 y 12 de abril.<br \/>\n\u00b7 \u201cLos enclavamientos. Su dise\u00f1o funcional y tipos. Influencia en la capacidad de la l\u00ednea\u201d. 25 y 26 de abril.<br \/>\n\u00b7 \u201cTerminales de transporte de mercanc\u00edas por ferrocarril\u201d. 25 y 26 de abril.<br \/>\n\u00b7 \u201cEl sistema ERTMS. Sus niveles y la capacidad de transporte de las l\u00edneas. An\u00e1lisis comparativo con el CBTC\u201d. 9 y 10 abril.<\/p>\n<p><strong>Formaci\u00f3n online<\/strong><br \/>\nEstos cursos est\u00e1n basados en el uso de las nuevas tecnolog\u00edas adaptadas a los procesos de aprendizaje y se estructuran en las siguientes l\u00edneas:<br \/>\n&#8211; Formativa: materiales did\u00e1cticos, documentos, simulaciones, videos, multimedia\u2026<br \/>\n&#8211; Comunicativa: videoconferencias de expertos, chat, foros, correo\u2026<br \/>\n&#8211; Interactiva: cuestionarios, test, pr\u00e1cticas, trabajos autorizados\u2026<\/p>\n<p><strong>Los cursos programados son:<\/strong><br \/>\n\u00b7 Curso b\u00e1sico sobre se\u00f1alizaci\u00f3n ferroviaria (80 h)<br \/>\n\u00b7 Derecho del trabajo en el \u00e1mbito del transporte (60 h)<br \/>\n\u00b7 Transporte de mercanc\u00edas por ferrocarril (45 h)<br \/>\n\u00b7 Mantenimiento del material rodante (25h)<br \/>\n\u00b7 Transportes colectivos en plataformas reservadas: tranv\u00edas, metros ligeros y BRT\u2019s. Modelos de colaboraci\u00f3n p\u00fablico-privadas (45 h)<br \/>\n\u00b7 Modelos de demanda de viajeros en proyectos de inversi\u00f3n de infraestructuras. Aplicaci\u00f3n al caso de los ferrocarriles (25h)<br \/>\n\u00b7 Protecci\u00f3n contra incendios en el material ferroviario (25h)<br \/>\n\u00b7 Transporte por cable. Funiculares (25h)<\/p>\n<p><strong>Campus Adif-FFE<\/strong><br \/>\nEl Campus Adif-FFE ofrece formaci\u00f3n presencial y online en las siguientes \u00e1reas:<br \/>\n\u00b7 Energ\u00eda<br \/>\n\u00b7 Autom\u00e1tica<br \/>\n\u00b7 Inform\u00e1tica avanzada y redes<br \/>\n\u00b7 Mantenimiento de instalaciones de seguridad<br \/>\n\u00b7 Mantenimiento de instalaciones de electrificaci\u00f3n<br \/>\n\u00b7 Mantenimiento de v\u00eda<br \/>\n\u00b7 Obra civil<br \/>\n\u00b7 Mantenimiento de telecomunicaciones<br \/>\n\u00b7 Transporte<\/p>\n<p><strong>XXX Curso General de Transportes Terrestres<\/strong><br \/>\nContin\u00faan abiertas las inscripciones tanto en modalidad semipresencial o 100% e-learning para participar en el Curso m\u00e1s veterano y completo del panorama formativo en transportes, Permite obtener el T\u00edtulo Propio de Experto Universitario en Transportes y se celebrar\u00e1 de marzo a noviembre.<br \/>\nEl equipo docente est\u00e1 formado por m\u00e1s de 100 expertos y profesionales del sector, procedentes de la empresa privada, la Administraci\u00f3n p\u00fablica, universidades y centros de investigaci\u00f3n.<br \/>\n<strong><span style=\"color: #0000ff;\"><a style=\"color: #0000ff;\" href=\"http:\/\/www.formacion-ffe.es\/CursoTransportes\/pdf\/programa_2016.pdf\">Programa completo<\/a><\/span><\/strong><\/p>\n<p>M\u00e1s informaci\u00f3n: <strong><span style=\"color: #0000ff;\"><a style=\"color: #0000ff;\" href=\"http:\/\/www.formacion-ffe.es\">www.formacion-ffe.es<\/a><\/span><\/strong><\/p>\n","protected":false},"excerpt":{"rendered":"<p>Programaci\u00f3n de abril. Formaci\u00f3n presencial y on-line. Impartidos por expertos. Organizados por el Centro de Formaci\u00f3n del Transporte. La Fundaci\u00f3n<\/p>\n","protected":false},"author":4,"featured_media":21986,"comment_status":"closed","ping_status":"open","sticky":false,"template":"","format":"standard","meta":{"footnotes":""},"categories":[],"tags":[25,93],"class_list":["post-21984","post","type-post","status-publish","format-standard","has-post-thumbnail","hentry","tag-actes-congrtesosi-exposicions-fires-i-formacio","tag-ffe-fundacion-ferrocarriles-espanoles","comments-off"],"_links":{"self":[{"href":"https:\/\/www.agrupament.cat\/portal\/wp-json\/wp\/v2\/posts\/21984","targetHints":{"allow":["GET"]}}],"collection":[{"href":"https:\/\/www.agrupament.cat\/portal\/wp-json\/wp\/v2\/posts"}],"about":[{"href":"https:\/\/www.agrupament.cat\/portal\/wp-json\/wp\/v2\/types\/post"}],"author":[{"embeddable":true,"href":"https:\/\/www.agrupament.cat\/portal\/wp-json\/wp\/v2\/users\/4"}],"replies":[{"embeddable":true,"href":"https:\/\/www.agrupament.cat\/portal\/wp-json\/wp\/v2\/comments?post=21984"}],"version-history":[{"count":4,"href":"https:\/\/www.agrupament.cat\/portal\/wp-json\/wp\/v2\/posts\/21984\/revisions"}],"predecessor-version":[{"id":21990,"href":"https:\/\/www.agrupament.cat\/portal\/wp-json\/wp\/v2\/posts\/21984\/revisions\/21990"}],"wp:featuredmedia":[{"embeddable":true,"href":"https:\/\/www.agrupament.cat\/portal\/wp-json\/wp\/v2\/media\/21986"}],"wp:attachment":[{"href":"https:\/\/www.agrupament.cat\/portal\/wp-json\/wp\/v2\/media?parent=21984"}],"wp:term":[{"taxonomy":"category","embeddable":true,"href":"https:\/\/www.agrupament.cat\/portal\/wp-json\/wp\/v2\/categories?post=21984"},{"taxonomy":"post_tag","embeddable":true,"href":"https:\/\/www.agrupament.cat\/portal\/wp-json\/wp\/v2\/tags?post=21984"}],"curies":[{"name":"wp","href":"https:\/\/api.w.org\/{rel}","templated":true}]}}