{"id":21954,"date":"2016-03-24T12:19:14","date_gmt":"2016-03-24T11:19:14","guid":{"rendered":"http:\/\/www.agrupament.cat\/portal\/?p=21954"},"modified":"2016-03-24T12:22:22","modified_gmt":"2016-03-24T11:22:22","slug":"linies-dautobusos-afectades-per-la-96a-volta-ciclista-a-catalunya","status":"publish","type":"post","link":"https:\/\/www.agrupament.cat\/portal\/2016\/03\/linies-dautobusos-afectades-per-la-96a-volta-ciclista-a-catalunya\/","title":{"rendered":"L\u00ednies d\u2019autobusos afectades per la 96a Volta Ciclista a Catalunya"},"content":{"rendered":"<p><img loading=\"lazy\" decoding=\"async\" class=\"alignleft size-full wp-image-9229\" src=\"http:\/\/www.agrupament.cat\/portal\/wp-content\/uploads\/2010\/12\/TMB01.gif\" alt=\"TMB01\" width=\"68\" height=\"50\" \/>24 de mar\u00e7 del 2016<br \/>\nAfectacions per la 6a etapa<br \/>\nData: dissabte, 26 de mar\u00e7.<br \/>\nHora: de 8.00 a 14.00 h, aproximadament.<\/p>\n<p>El metro garantir\u00e0 la mobilitat durant el pas de la cursa, diumenge al mat\u00ed<\/p>\n<p>Amb motiu de la disputa de la setena i \u00faltima etapa de la 96a edici\u00f3 de la Volta Ciclista a Catalunya, diumenge 27 de mar\u00e7, al mat\u00ed, entre l\u2019Hospitalet de Llobregat i la muntanya de Montju\u00efc de Barcelona, diverses l\u00ednies de bus veuran modificat o limitat el recorregut a mesura que avanci la cursa, entre les 10.00 i les 15.00 hores, pel Prat, l\u2019Hospitalet, la Gran Via, la pla\u00e7a Espanya i Montju\u00efc.<\/p>\n<p>La darrera etapa de la Volta Ciclista a Catalunya 2016 sortir\u00e0 de l\u2019Hospitalet a les 11.00 hores en direcci\u00f3 Esplugues i Sant Just Desvern i transcorrer\u00e0 per altres municipis per acabar retornant al Prat de Llobregat, l\u2019Hospitalet i Barcelona, a trav\u00e9s de la Gran Via, fins a Montju\u00efc, on es far\u00e0 un circuit de vuit voltes fins a la finalitzaci\u00f3 de l\u2019etapa.<\/p>\n<p>Per aquesta ra\u00f3, Transports Metropolitans de Barcelona (TMB) recomana recorreguts alternatius o b\u00e9 destinar m\u00e9s temps del previst per fer els despla\u00e7aments durant aquestes hores i a l\u2019entorn dels llocs per on transcorrer\u00e0 la cursa. En total, unes 22 l\u00ednies de bus de TMB estaran afectades pel pas de la Volta: D20, H8, H10, H12, H16, V7, 13, 27, 37, 46, 50, 54, 57, 63, 65, 67, 68, 78, 79, 109, 150 i 157.<\/p>\n<p><strong><span style=\"color: #ff0000;\"><a style=\"color: #ff0000;\" href=\"http:\/\/www.tmb.cat\/ca\/estat-del-servei\">Per a m\u00e9s informaci\u00f3 es pot consultar l&#8217;av\u00eds corresponent a la secci\u00f3 d\u2019estat del servei del web de TMB<\/a><\/span><\/strong> i el<strong> <a href=\"http:\/\/www.voltacatalunya.cat\/es\/organitzacio\/\">web de l\u2019organitzaci\u00f3 de la Volta Ciclista a Catalunya<\/a><\/strong>, on es descriu el recorregut detallat i l\u2019horari estimat de pas dels participants a la cursa per cada punt.<\/p>\n","protected":false},"excerpt":{"rendered":"<p>24 de mar\u00e7 del 2016 Afectacions per la 6a etapa Data: dissabte, 26 de mar\u00e7. Hora: de 8.00 a 14.00<\/p>\n","protected":false},"author":4,"featured_media":21955,"comment_status":"closed","ping_status":"open","sticky":false,"template":"","format":"standard","meta":{"footnotes":""},"categories":[],"tags":[25,17,35,111,225,56],"class_list":["post-21954","post","type-post","status-publish","format-standard","has-post-thumbnail","hentry","tag-actes-congrtesosi-exposicions-fires-i-formacio","tag-afectacions-e-incidencies","tag-barcelona","tag-bus","tag-metro","tag-metro-barcelona-tmb","comments-off"],"_links":{"self":[{"href":"https:\/\/www.agrupament.cat\/portal\/wp-json\/wp\/v2\/posts\/21954","targetHints":{"allow":["GET"]}}],"collection":[{"href":"https:\/\/www.agrupament.cat\/portal\/wp-json\/wp\/v2\/posts"}],"about":[{"href":"https:\/\/www.agrupament.cat\/portal\/wp-json\/wp\/v2\/types\/post"}],"author":[{"embeddable":true,"href":"https:\/\/www.agrupament.cat\/portal\/wp-json\/wp\/v2\/users\/4"}],"replies":[{"embeddable":true,"href":"https:\/\/www.agrupament.cat\/portal\/wp-json\/wp\/v2\/comments?post=21954"}],"version-history":[{"count":3,"href":"https:\/\/www.agrupament.cat\/portal\/wp-json\/wp\/v2\/posts\/21954\/revisions"}],"predecessor-version":[{"id":21958,"href":"https:\/\/www.agrupament.cat\/portal\/wp-json\/wp\/v2\/posts\/21954\/revisions\/21958"}],"wp:featuredmedia":[{"embeddable":true,"href":"https:\/\/www.agrupament.cat\/portal\/wp-json\/wp\/v2\/media\/21955"}],"wp:attachment":[{"href":"https:\/\/www.agrupament.cat\/portal\/wp-json\/wp\/v2\/media?parent=21954"}],"wp:term":[{"taxonomy":"category","embeddable":true,"href":"https:\/\/www.agrupament.cat\/portal\/wp-json\/wp\/v2\/categories?post=21954"},{"taxonomy":"post_tag","embeddable":true,"href":"https:\/\/www.agrupament.cat\/portal\/wp-json\/wp\/v2\/tags?post=21954"}],"curies":[{"name":"wp","href":"https:\/\/api.w.org\/{rel}","templated":true}]}}