{"id":21881,"date":"2016-03-15T12:13:35","date_gmt":"2016-03-15T11:13:35","guid":{"rendered":"http:\/\/www.agrupament.cat\/portal\/?p=21881"},"modified":"2016-03-15T12:13:35","modified_gmt":"2016-03-15T11:13:35","slug":"lestacio-de-metro-duniversitat-acull-diverses-actuacions-de-teatre-jove-i-emergent","status":"publish","type":"post","link":"https:\/\/www.agrupament.cat\/portal\/2016\/03\/lestacio-de-metro-duniversitat-acull-diverses-actuacions-de-teatre-jove-i-emergent\/","title":{"rendered":"L\u2019estaci\u00f3 de metro d&#8217;Universitat acull diverses actuacions de teatre jove i emergent"},"content":{"rendered":"<p><img loading=\"lazy\" decoding=\"async\" class=\"alignleft size-full wp-image-9166\" src=\"http:\/\/www.agrupament.cat\/portal\/wp-content\/uploads\/2010\/11\/TMB016.gif\" alt=\"TMB01\" width=\"68\" height=\"50\" \/>15 de mar\u00e7 del 2015<br \/>\nAquest dimecres a la tarda els usuaris viuran un petit tast inaugural del Festival MUTIS de teatre independent de Barcelona.<\/p>\n<p>Dem\u00e0 16 de mar\u00e7, a la tarda, l\u2019estaci\u00f3 de metro d\u2019Universitat (l\u00ednies 1 i 2) s\u2019omplir\u00e0 de teatre, amb motiu de la inauguraci\u00f3 de la VII Mostra Universit\u00e0ria de Teatre Incisiu-Sat\u00edric de Barcelona (MUTIS), un festival organitzat per l\u2019associaci\u00f3 cultural La Coquera Teatro.<\/p>\n<p>A les 17 hores es llegir\u00e0 un discurs inaugural i tot seguit tindran lloc una s\u00e8rie de peces esc\u00e8niques curtes, actuacions musicals, malabars, m\u00e0gia i mon\u00f2legs a tall de tast del que es podr\u00e0 veure durant el festival, que fins al 20 de mar\u00e7 oferir\u00e0 diferents activitats repartides pels districtes barcelonins de l\u2019Eixample, les Corts, Ciutat Vella, Sant Mart\u00ed, Gr\u00e0cia, Sants-Montju\u00efc i Nou Barris.<\/p>\n<p>Aquesta activitat forma part de <strong><span style=\"color: #ff0000;\"><a style=\"color: #ff0000;\" href=\"http:\/\/www.tmb.cat\/ca\/tmb-cultura\">TMB Cultura<\/a><\/span><\/strong>, el projecte cultural de la Fundaci\u00f3 TMB que estableix vincles entre ciutadans i associacions culturals de Barcelona i l\u2019\u00e0rea metropolitana per aproximar la cultura a la ciutadania i enriquir l&#8217;experi\u00e8ncia del viatge en transport p\u00fablic.<\/p>\n<p>MUTIS \u00e9s un festival de teatre jove de la ciutat de Barcelona en qu\u00e8 es donen cita durant cinc jornades una vintena de muntatges de grups de tota la pen\u00ednsula. Els espectacles s\u00f3n oberts i gratu\u00efts per a tota la ciutadania i tracten de promocionar tant la nova creaci\u00f3 com les adaptacions arriscades, ja que aquest festival, el m\u00e9s irreverent de la seva classe, no pret\u00e9n fer ostentaci\u00f3 de t\u00e8cnica o qualitat est\u00e8tica, sin\u00f3 ser incisiu, transcendir, evitar deixar indiferent el p\u00fablic, aportar idees i fer pensar.<\/p>\n<p>S\u00f3n 50 hores d\u2019activitats teatrals, una programaci\u00f3 disponible a la web <strong><a href=\"http:\/\/www.mutis.es.\"><span style=\"color: #000000;\">www.mutis.es.<\/span> <\/a><\/strong><\/p>\n","protected":false},"excerpt":{"rendered":"<p>15 de mar\u00e7 del 2015 Aquest dimecres a la tarda els usuaris viuran un petit tast inaugural del Festival MUTIS<\/p>\n","protected":false},"author":4,"featured_media":21883,"comment_status":"closed","ping_status":"open","sticky":false,"template":"","format":"standard","meta":{"footnotes":""},"categories":[],"tags":[25,35,124,125,56],"class_list":["post-21881","post","type-post","status-publish","format-standard","has-post-thumbnail","hentry","tag-actes-congrtesosi-exposicions-fires-i-formacio","tag-barcelona","tag-l01-hospital-de-bellvitge-a-fondo","tag-l02-parallel-badalona-pompeu-fabra","tag-metro-barcelona-tmb","comments-off"],"_links":{"self":[{"href":"https:\/\/www.agrupament.cat\/portal\/wp-json\/wp\/v2\/posts\/21881","targetHints":{"allow":["GET"]}}],"collection":[{"href":"https:\/\/www.agrupament.cat\/portal\/wp-json\/wp\/v2\/posts"}],"about":[{"href":"https:\/\/www.agrupament.cat\/portal\/wp-json\/wp\/v2\/types\/post"}],"author":[{"embeddable":true,"href":"https:\/\/www.agrupament.cat\/portal\/wp-json\/wp\/v2\/users\/4"}],"replies":[{"embeddable":true,"href":"https:\/\/www.agrupament.cat\/portal\/wp-json\/wp\/v2\/comments?post=21881"}],"version-history":[{"count":1,"href":"https:\/\/www.agrupament.cat\/portal\/wp-json\/wp\/v2\/posts\/21881\/revisions"}],"predecessor-version":[{"id":21882,"href":"https:\/\/www.agrupament.cat\/portal\/wp-json\/wp\/v2\/posts\/21881\/revisions\/21882"}],"wp:featuredmedia":[{"embeddable":true,"href":"https:\/\/www.agrupament.cat\/portal\/wp-json\/wp\/v2\/media\/21883"}],"wp:attachment":[{"href":"https:\/\/www.agrupament.cat\/portal\/wp-json\/wp\/v2\/media?parent=21881"}],"wp:term":[{"taxonomy":"category","embeddable":true,"href":"https:\/\/www.agrupament.cat\/portal\/wp-json\/wp\/v2\/categories?post=21881"},{"taxonomy":"post_tag","embeddable":true,"href":"https:\/\/www.agrupament.cat\/portal\/wp-json\/wp\/v2\/tags?post=21881"}],"curies":[{"name":"wp","href":"https:\/\/api.w.org\/{rel}","templated":true}]}}