{"id":21858,"date":"2016-03-10T21:00:46","date_gmt":"2016-03-10T20:00:46","guid":{"rendered":"http:\/\/www.agrupament.cat\/portal\/?p=21858"},"modified":"2016-03-11T18:58:30","modified_gmt":"2016-03-11T17:58:30","slug":"linies-dautobusos-afectades-per-la-marato-de-barcelona-2016","status":"publish","type":"post","link":"https:\/\/www.agrupament.cat\/portal\/2016\/03\/linies-dautobusos-afectades-per-la-marato-de-barcelona-2016\/","title":{"rendered":"L\u00ednies d&#8217;autobusos afectades per la Marat\u00f3 de Barcelona 2016"},"content":{"rendered":"<p><img loading=\"lazy\" decoding=\"async\" class=\"alignleft size-full wp-image-9163\" src=\"http:\/\/www.agrupament.cat\/portal\/wp-content\/uploads\/2010\/11\/TMB015.gif\" alt=\"TMB01\" width=\"68\" height=\"50\" \/>10 de mar\u00e7 del 2016<br \/>\nEl metro garantir\u00e0 la mobilitat durant el pas de la cursa, diumenge al mat\u00ed<\/p>\n<p>Amb motiu de la celebraci\u00f3 de la 38a edici\u00f3 de la Zurich Marat\u00f3 de Barcelona, que tindr\u00e0 lloc el proper diumenge, 13 de mar\u00e7, un gran nombre de l\u00ednies d\u2019autob\u00fas de Transports Metropolitans de Barcelona (TMB) veuran alterat o limitat el recorregut. En total, gaireb\u00e9 una seixantena de l\u00ednies que transcorren pel sector central de la ciutat patiran afectacions entre les 8.30 i les 15.00 hores de diumenge. Per aquesta ra\u00f3, TMB recomana l\u2019\u00fas del metro en aquesta franja hor\u00e0ria i en els despla\u00e7aments a l\u2019entorn dels llocs per on transcorrer\u00e0 la competici\u00f3.<\/p>\n<p>La Marat\u00f3, que diumenge al mat\u00ed afectar\u00e0 tot el tr\u00e0nsit de superf\u00edcie per on es desenvolupi, sortir\u00e0 de l\u2019avinguda Maria Cristina i passar\u00e0 pels llocs m\u00e9s emblem\u00e0tics de Barcelona.<\/p>\n<p>Tot plegat provocar\u00e0 afectacions en 58 l\u00ednies de bus de TMB: D20, H6, H8, H10, H12, H14, H16, V3, V7, V11, V13, V15, V17, V21, V27, 6, 7, 11, 13, 19, 20, 21, 22, 24, 26, 27, 32, 33, 34, 36, 37, 39, 40, 41, 42, 45, 46, 47, 50, 51, 54, 55, 59, 62, 63, 65, 66, 67, 68, 78, 79, 92, 96, 104, 109, 150, 192 i l\u2019autob\u00fas alternatiu del funicular de Montju\u00efc.<\/p>\n<p>Per a m\u00e9s informaci\u00f3 es pot consultar l\u2019av\u00eds corresponent a la secci\u00f3 <strong><span style=\"color: #ff0000;\"><a style=\"color: #ff0000;\" href=\"http:\/\/www.tmb.cat\/ca\/estat-del-servei\">d\u2019estat del servei del web de TMB<\/a><\/span><\/strong> i el <strong><span style=\"color: #3366ff;\"><a style=\"color: #3366ff;\" href=\"http:\/\/www.zurichmaratobarcelona.es\">web de la Marat\u00f3<\/a>.<\/span><\/strong><\/p>\n","protected":false},"excerpt":{"rendered":"<p>10 de mar\u00e7 del 2016 El metro garantir\u00e0 la mobilitat durant el pas de la cursa, diumenge al mat\u00ed Amb<\/p>\n","protected":false},"author":4,"featured_media":21878,"comment_status":"closed","ping_status":"open","sticky":false,"template":"","format":"standard","meta":{"footnotes":""},"categories":[],"tags":[25,17,35,111,225,56],"class_list":["post-21858","post","type-post","status-publish","format-standard","has-post-thumbnail","hentry","tag-actes-congrtesosi-exposicions-fires-i-formacio","tag-afectacions-e-incidencies","tag-barcelona","tag-bus","tag-metro","tag-metro-barcelona-tmb","comments-off"],"_links":{"self":[{"href":"https:\/\/www.agrupament.cat\/portal\/wp-json\/wp\/v2\/posts\/21858","targetHints":{"allow":["GET"]}}],"collection":[{"href":"https:\/\/www.agrupament.cat\/portal\/wp-json\/wp\/v2\/posts"}],"about":[{"href":"https:\/\/www.agrupament.cat\/portal\/wp-json\/wp\/v2\/types\/post"}],"author":[{"embeddable":true,"href":"https:\/\/www.agrupament.cat\/portal\/wp-json\/wp\/v2\/users\/4"}],"replies":[{"embeddable":true,"href":"https:\/\/www.agrupament.cat\/portal\/wp-json\/wp\/v2\/comments?post=21858"}],"version-history":[{"count":1,"href":"https:\/\/www.agrupament.cat\/portal\/wp-json\/wp\/v2\/posts\/21858\/revisions"}],"predecessor-version":[{"id":21859,"href":"https:\/\/www.agrupament.cat\/portal\/wp-json\/wp\/v2\/posts\/21858\/revisions\/21859"}],"wp:featuredmedia":[{"embeddable":true,"href":"https:\/\/www.agrupament.cat\/portal\/wp-json\/wp\/v2\/media\/21878"}],"wp:attachment":[{"href":"https:\/\/www.agrupament.cat\/portal\/wp-json\/wp\/v2\/media?parent=21858"}],"wp:term":[{"taxonomy":"category","embeddable":true,"href":"https:\/\/www.agrupament.cat\/portal\/wp-json\/wp\/v2\/categories?post=21858"},{"taxonomy":"post_tag","embeddable":true,"href":"https:\/\/www.agrupament.cat\/portal\/wp-json\/wp\/v2\/tags?post=21858"}],"curies":[{"name":"wp","href":"https:\/\/api.w.org\/{rel}","templated":true}]}}