{"id":21758,"date":"2016-02-18T11:49:06","date_gmt":"2016-02-18T10:49:06","guid":{"rendered":"http:\/\/www.agrupament.cat\/portal\/?p=21758"},"modified":"2016-02-18T11:51:16","modified_gmt":"2016-02-18T10:51:16","slug":"convocado-iv-premio-tria-ingenieria-para-jovenes-ingenieros-ferroviarios","status":"publish","type":"post","link":"https:\/\/www.agrupament.cat\/portal\/2016\/02\/convocado-iv-premio-tria-ingenieria-para-jovenes-ingenieros-ferroviarios\/","title":{"rendered":"Convocado IV Premio TRIA Ingenier\u00eda para j\u00f3venes ingenieros ferroviarios"},"content":{"rendered":"<p><img loading=\"lazy\" decoding=\"async\" class=\"alignleft size-full wp-image-7601\" src=\"http:\/\/www.agrupament.cat\/portal\/wp-content\/uploads\/2010\/06\/FFE2.jpg\" alt=\"FFE2\" width=\"90\" height=\"38\" \/>Organizado por la Fundaci\u00f3n de los Ferrocarriles Espa\u00f1oles<\/p>\n<p><strong>El plazo de presentaci\u00f3n es hasta el 30 de septiembre de 2016.<\/strong><\/p>\n<p>Est\u00e1 patrocinado por<span style=\"color: #800a0a;\"><strong><a style=\"color: #800a0a;\" href=\"http:\/\/www.triaingenieria.es\"> Ingenier\u00eda y T\u00e9cnica del Transporte, Tria, S.A.<\/a><\/strong><\/span><\/p>\n<p>El &#8220;Premio TRIA para J\u00f3venes Ingenieros Ferroviarios&#8221; apoya y fomenta la excelencia acad\u00e9mica de j\u00f3venes ingenieros, en sus \u00faltimos a\u00f1os de carrera o reci\u00e9n titulados, orientada al sector ferroviario reflejada en art\u00edculos sobre sus proyectos fin carrera y\/o master. Adicionalmente, su objetivo es incentivar el inter\u00e9s en la investigaci\u00f3n ferroviaria en las nuevas generaciones de ingenieros, poniendo en valor su talento y orientando su vocaci\u00f3n hacia el ferrocarril.<\/p>\n<p>El premio lo organiza la Fundaci\u00f3n de los Ferrocarriles Espa\u00f1oles y est\u00e1 patrocinado por Ingenier\u00eda y T\u00e9cnica del Transporte, TRIA S.A.<\/p>\n<p><strong>Requisitos y plazo<\/strong><br \/>\nLos candidatos a optar a este premio deber\u00e1n ser diplomados, ingenieros o ingenieros t\u00e9cnicos, de nacionalidad de cualquiera de los estados miembros de la Uni\u00f3n Europea y menores de treinta y cinco a\u00f1os a la fecha de cierre de plazo de la convocatoria.<\/p>\n<p>Los trabajos que se presenten deber\u00e1n estar relacionados con el ferrocarril o el transporte, y estar basados en proyectos de fin de carrera, m\u00e1ster o tesinas. Adem\u00e1s, deben haber sido presentados y aprobados en los cursos acad\u00e9micos 2014, 2015 \u00f3 2016 en alguna universidad p\u00fablica o privada espa\u00f1ola y\/o en alg\u00fan centro de investigaci\u00f3n, y estar redactados preferentemente en espa\u00f1ol, aunque tambi\u00e9n pueden presentarse en ingl\u00e9s.<\/p>\n<p>Podr\u00e1n optar a este premio diplomados, ingenieros o ingenieros t\u00e9cnicos, nacionales de cualquiera de los estados miembros de la Uni\u00f3n Europea y menores de treinta y cinco a\u00f1os en la fecha de cierre de plazo de la convocatoria.<\/p>\n<p>Los art\u00edculos deber\u00e1n tener una extensi\u00f3n m\u00ednima de ocho p\u00e1ginas, y, m\u00e1xima, de doce y podr\u00e1n estar firmados por uno o varios autores, hasta cinco.<\/p>\n<p>La elecci\u00f3n de los trabajos premiados por el Jurado se llevar\u00e1 a cabo en funci\u00f3n del inter\u00e9s cient\u00edfico de los mismos, con arreglo a su libre valoraci\u00f3n, por lo que la decisi\u00f3n adoptada no ser\u00e1 recurrible.<\/p>\n<p>Los trabajos deber\u00e1n presentarse por correo electr\u00f3nico a: <span style=\"color: #0000ff;\">premiotria@investigacion-ffe.es<\/span><\/p>\n<p>Plazo: hasta el 30 de septiembre de 2016 a las 14.00 horas.<\/p>\n<p><strong>Premios<\/strong><br \/>\nEl primer premio est\u00e1 dotado con 1.500 euros. Si la empresa Tria lo considera conveniente, podr\u00e1 ofrecer al premiado la posibilidad de sustituir el premio por un contrato de trabajo en las condiciones que se acuerden.<\/p>\n<p>Se establecen tambi\u00e9n otros galardones que consisten en una menci\u00f3n de calidad, la publicaci\u00f3n de los art\u00edculos en un n\u00famero especial de la revista \u201cV\u00eda Libre-T\u00e9cnica Investigaci\u00f3n\u201d y la suscripci\u00f3n de un a\u00f1o a la revista \u201cV\u00eda Libre\u201d.<\/p>\n<p>M\u00e1s informaci\u00f3n: premiotria@investigacion-ffe.es \u00b7 Tel. + <strong>34 91 151 10 85<\/strong><br \/>\n&#8211;<\/p>\n","protected":false},"excerpt":{"rendered":"<p>Organizado por la Fundaci\u00f3n de los Ferrocarriles Espa\u00f1oles El plazo de presentaci\u00f3n es hasta el 30 de septiembre de 2016.<\/p>\n","protected":false},"author":4,"featured_media":21761,"comment_status":"closed","ping_status":"open","sticky":false,"template":"","format":"standard","meta":{"footnotes":""},"categories":[],"tags":[25,3,93],"class_list":["post-21758","post","type-post","status-publish","format-standard","has-post-thumbnail","hentry","tag-actes-congrtesosi-exposicions-fires-i-formacio","tag-associacions-federacions-fundacions","tag-ffe-fundacion-ferrocarriles-espanoles","comments-off"],"_links":{"self":[{"href":"https:\/\/www.agrupament.cat\/portal\/wp-json\/wp\/v2\/posts\/21758","targetHints":{"allow":["GET"]}}],"collection":[{"href":"https:\/\/www.agrupament.cat\/portal\/wp-json\/wp\/v2\/posts"}],"about":[{"href":"https:\/\/www.agrupament.cat\/portal\/wp-json\/wp\/v2\/types\/post"}],"author":[{"embeddable":true,"href":"https:\/\/www.agrupament.cat\/portal\/wp-json\/wp\/v2\/users\/4"}],"replies":[{"embeddable":true,"href":"https:\/\/www.agrupament.cat\/portal\/wp-json\/wp\/v2\/comments?post=21758"}],"version-history":[{"count":1,"href":"https:\/\/www.agrupament.cat\/portal\/wp-json\/wp\/v2\/posts\/21758\/revisions"}],"predecessor-version":[{"id":21760,"href":"https:\/\/www.agrupament.cat\/portal\/wp-json\/wp\/v2\/posts\/21758\/revisions\/21760"}],"wp:featuredmedia":[{"embeddable":true,"href":"https:\/\/www.agrupament.cat\/portal\/wp-json\/wp\/v2\/media\/21761"}],"wp:attachment":[{"href":"https:\/\/www.agrupament.cat\/portal\/wp-json\/wp\/v2\/media?parent=21758"}],"wp:term":[{"taxonomy":"category","embeddable":true,"href":"https:\/\/www.agrupament.cat\/portal\/wp-json\/wp\/v2\/categories?post=21758"},{"taxonomy":"post_tag","embeddable":true,"href":"https:\/\/www.agrupament.cat\/portal\/wp-json\/wp\/v2\/tags?post=21758"}],"curies":[{"name":"wp","href":"https:\/\/api.w.org\/{rel}","templated":true}]}}