{"id":21674,"date":"2016-02-10T17:04:00","date_gmt":"2016-02-10T16:04:00","guid":{"rendered":"http:\/\/www.agrupament.cat\/portal\/?p=21674"},"modified":"2016-02-10T17:04:00","modified_gmt":"2016-02-10T16:04:00","slug":"transport-public-per-al-concert-deros-ramazzotti-al-palau-sant-jordi-2","status":"publish","type":"post","link":"https:\/\/www.agrupament.cat\/portal\/2016\/02\/transport-public-per-al-concert-deros-ramazzotti-al-palau-sant-jordi-2\/","title":{"rendered":"Transport p\u00fablic per al concert d&#8217;Eros Ramazzotti al Palau Sant Jordi"},"content":{"rendered":"<p><img loading=\"lazy\" decoding=\"async\" class=\"alignleft size-full wp-image-8864\" src=\"http:\/\/www.agrupament.cat\/portal\/wp-content\/uploads\/2010\/10\/TMB013.gif\" alt=\"TMB01\" width=\"68\" height=\"50\" \/>10 de febrer del 2016<br \/>\nTMB habilitar\u00e0 dem\u00e0 dissabte un servei especial d&#8217;autob\u00fas de baixada entre el recinte i la pla\u00e7a d&#8217;Espanya<\/p>\n<p>Amb motiu del concert que oferir\u00e0 el cantant Eros Ramazzotti al Palau Sant Jordi (21 hores) aquest diumenge, 14 de febrer, Transports Metropolitans de Barcelona (TMB) habilitar\u00e0 un servei especial d\u2019autobusos de baixada quan finalitzi el concert (a partir de les 22.30 hores, aproximadament) entre el recinte i la pla\u00e7a d\u2019Espanya, en qu\u00e8 seran v\u00e0lids tots els t\u00edtols de transport del sistema tarifari integrat. Els vehicles portaran l&#8217;indicador de l\u00ednia \u201cPl. Espanya &#8211; Palau Sant Jordi\u201d.<\/p>\n<p>Per pujar al Palau Sant Jordi, TMB recomana utilitzar la l\u00ednia 150 de bus (Pl. Espanya &#8211; Castell de Montju\u00efc) que, amb motiu del concert, prolongar\u00e0 l\u2019horari i refor\u00e7ar\u00e0 el servei amb m\u00e9s vehicles entre les 18.30 i les 21.30 h.<\/p>\n<p>Per a m\u00e9s informaci\u00f3 es pot consultar l\u2019av\u00eds corresponent a la secci\u00f3 d\u2019<strong><span style=\"color: #ff0000;\"><a style=\"color: #ff0000;\" href=\"http:\/\/www.tmb.cat\/ca\/estat-del-servei\">estat del servei del web de TMB.<\/a><\/span><\/strong><\/p>\n","protected":false},"excerpt":{"rendered":"<p>10 de febrer del 2016 TMB habilitar\u00e0 dem\u00e0 dissabte un servei especial d&#8217;autob\u00fas de baixada entre el recinte i la<\/p>\n","protected":false},"author":4,"featured_media":21675,"comment_status":"closed","ping_status":"open","sticky":false,"template":"","format":"standard","meta":{"footnotes":""},"categories":[],"tags":[25,35,111,56],"class_list":["post-21674","post","type-post","status-publish","format-standard","has-post-thumbnail","hentry","tag-actes-congrtesosi-exposicions-fires-i-formacio","tag-barcelona","tag-bus","tag-metro-barcelona-tmb","comments-off"],"_links":{"self":[{"href":"https:\/\/www.agrupament.cat\/portal\/wp-json\/wp\/v2\/posts\/21674","targetHints":{"allow":["GET"]}}],"collection":[{"href":"https:\/\/www.agrupament.cat\/portal\/wp-json\/wp\/v2\/posts"}],"about":[{"href":"https:\/\/www.agrupament.cat\/portal\/wp-json\/wp\/v2\/types\/post"}],"author":[{"embeddable":true,"href":"https:\/\/www.agrupament.cat\/portal\/wp-json\/wp\/v2\/users\/4"}],"replies":[{"embeddable":true,"href":"https:\/\/www.agrupament.cat\/portal\/wp-json\/wp\/v2\/comments?post=21674"}],"version-history":[{"count":1,"href":"https:\/\/www.agrupament.cat\/portal\/wp-json\/wp\/v2\/posts\/21674\/revisions"}],"predecessor-version":[{"id":21676,"href":"https:\/\/www.agrupament.cat\/portal\/wp-json\/wp\/v2\/posts\/21674\/revisions\/21676"}],"wp:featuredmedia":[{"embeddable":true,"href":"https:\/\/www.agrupament.cat\/portal\/wp-json\/wp\/v2\/media\/21675"}],"wp:attachment":[{"href":"https:\/\/www.agrupament.cat\/portal\/wp-json\/wp\/v2\/media?parent=21674"}],"wp:term":[{"taxonomy":"category","embeddable":true,"href":"https:\/\/www.agrupament.cat\/portal\/wp-json\/wp\/v2\/categories?post=21674"},{"taxonomy":"post_tag","embeddable":true,"href":"https:\/\/www.agrupament.cat\/portal\/wp-json\/wp\/v2\/tags?post=21674"}],"curies":[{"name":"wp","href":"https:\/\/api.w.org\/{rel}","templated":true}]}}