{"id":21625,"date":"2016-02-04T23:25:12","date_gmt":"2016-02-04T22:25:12","guid":{"rendered":"http:\/\/www.agrupament.cat\/portal\/?p=21625"},"modified":"2016-02-04T23:25:12","modified_gmt":"2016-02-04T22:25:12","slug":"afectacions-a-linies-dautobusos-per-la-celebracio-del-carnaval-als-diferents-barris-de-barcelona-3","status":"publish","type":"post","link":"https:\/\/www.agrupament.cat\/portal\/2016\/02\/afectacions-a-linies-dautobusos-per-la-celebracio-del-carnaval-als-diferents-barris-de-barcelona-3\/","title":{"rendered":"Afectacions a l\u00ednies d&#8217;autobusos per la celebraci\u00f3 del Carnaval als diferents barris de Barcelona"},"content":{"rendered":"<p><img loading=\"lazy\" decoding=\"async\" class=\"alignleft size-full wp-image-6863\" src=\"http:\/\/www.agrupament.cat\/portal\/wp-content\/uploads\/2010\/03\/TMB014.gif\" alt=\"TMB01\" width=\"68\" height=\"50\" \/>4 de febrer del 2016<br \/>\nTMB recomana el metro com a alternativa, aquest dissabte a la tarda<\/p>\n<p>Amb motiu de la celebraci\u00f3 de les rues de Carnaval a la majoria de barris de la ciutat de Barcelona aquest dissabte, 6 de febrer, Transports Metropolitans de Barcelona (TMB) recomana l\u2019\u00fas del metro per despla\u00e7ar-se als diferents punts on tindran lloc les activitats programades. Dissabte, el servei de metro funciona durant tota la nit.<\/p>\n<p>Les m\u00faltiples desfilades i celebracions de Carnestoltes a la ciutat restringiran el tr\u00e0nsit dels vehicles privats i afectaran una setantena de l\u00ednies d\u2019autob\u00fas de TMB, que modificaran o limitaran el recorregut, dissabte entre les 16 i les 22 h, aproximadament.<\/p>\n<p>Les l\u00ednies d\u2019autob\u00fas de TMB que poden patir afectacions s\u00f3n: D20, H6, H8, H10, H14, H16, V3, V15, V17, V21, V27, 11, 13, 19, 20, 21, 22, 24, 26, 32, 33, 34, 36, 37, 39, 40, 41, 42, 45, 47, 50, 51, 54, 55, 57, 59, 60, 62, 63, 64, 65, 67, 68, 70, 73, 76, 78, 80, 81, 82, 91, 92, 94, 95, 96, 109, 114, 115, 119, 120, 122, 125, 126, 127, 129, 132, 143, 155, 157, 185 i 192. \u00c9s per aix\u00f2 que el metro \u00e9s el transport idoni per facilitar la mobilitat dels ciutadans, aquest dissabte a la tarda.<\/p>\n<p>Per a m\u00e9s informaci\u00f3 es pot consultar l&#8217;av\u00eds corresponent a la secci\u00f3 <strong><span style=\"color: #ff0000;\"><a style=\"color: #ff0000;\" href=\"https:\/\/noticies.tmb.cat\/sala-de-premsa\/afectacions-linies-dautobusos-la-celebracio-del-carnaval-als-diferents-barris-de\">d\u2019estat del servei del web de TMB.<\/a><\/span><\/strong><\/p>\n","protected":false},"excerpt":{"rendered":"<p>4 de febrer del 2016 TMB recomana el metro com a alternativa, aquest dissabte a la tarda Amb motiu de<\/p>\n","protected":false},"author":4,"featured_media":21626,"comment_status":"closed","ping_status":"open","sticky":false,"template":"","format":"standard","meta":{"footnotes":""},"categories":[],"tags":[25,17,35,111,56],"class_list":["post-21625","post","type-post","status-publish","format-standard","has-post-thumbnail","hentry","tag-actes-congrtesosi-exposicions-fires-i-formacio","tag-afectacions-e-incidencies","tag-barcelona","tag-bus","tag-metro-barcelona-tmb","comments-off"],"_links":{"self":[{"href":"https:\/\/www.agrupament.cat\/portal\/wp-json\/wp\/v2\/posts\/21625","targetHints":{"allow":["GET"]}}],"collection":[{"href":"https:\/\/www.agrupament.cat\/portal\/wp-json\/wp\/v2\/posts"}],"about":[{"href":"https:\/\/www.agrupament.cat\/portal\/wp-json\/wp\/v2\/types\/post"}],"author":[{"embeddable":true,"href":"https:\/\/www.agrupament.cat\/portal\/wp-json\/wp\/v2\/users\/4"}],"replies":[{"embeddable":true,"href":"https:\/\/www.agrupament.cat\/portal\/wp-json\/wp\/v2\/comments?post=21625"}],"version-history":[{"count":1,"href":"https:\/\/www.agrupament.cat\/portal\/wp-json\/wp\/v2\/posts\/21625\/revisions"}],"predecessor-version":[{"id":21627,"href":"https:\/\/www.agrupament.cat\/portal\/wp-json\/wp\/v2\/posts\/21625\/revisions\/21627"}],"wp:featuredmedia":[{"embeddable":true,"href":"https:\/\/www.agrupament.cat\/portal\/wp-json\/wp\/v2\/media\/21626"}],"wp:attachment":[{"href":"https:\/\/www.agrupament.cat\/portal\/wp-json\/wp\/v2\/media?parent=21625"}],"wp:term":[{"taxonomy":"category","embeddable":true,"href":"https:\/\/www.agrupament.cat\/portal\/wp-json\/wp\/v2\/categories?post=21625"},{"taxonomy":"post_tag","embeddable":true,"href":"https:\/\/www.agrupament.cat\/portal\/wp-json\/wp\/v2\/tags?post=21625"}],"curies":[{"name":"wp","href":"https:\/\/api.w.org\/{rel}","templated":true}]}}