{"id":21569,"date":"2016-01-26T14:33:07","date_gmt":"2016-01-26T13:33:07","guid":{"rendered":"http:\/\/www.agrupament.cat\/portal\/?p=21569"},"modified":"2016-01-26T14:33:07","modified_gmt":"2016-01-26T13:33:07","slug":"xxx-curso-general-de-transportes-terrestres","status":"publish","type":"post","link":"https:\/\/www.agrupament.cat\/portal\/2016\/01\/xxx-curso-general-de-transportes-terrestres\/","title":{"rendered":"XXX Curso General de Transportes Terrestres"},"content":{"rendered":"<p><img loading=\"lazy\" decoding=\"async\" class=\"alignleft size-full wp-image-13156\" src=\"http:\/\/www.agrupament.cat\/portal\/wp-content\/uploads\/2012\/03\/FFE\u00b7AulaFerroviaria2.jpg\" alt=\"FFE\u00b7AulaFerroviaria2\" width=\"100\" height=\"35\" \/>Abiertas las inscripciones<\/p>\n<p>En 2016 se celebra la 30\u00aa edici\u00f3n<\/p>\n<p>Desde 1987, han participado m\u00e1s de 1300 alumnos<\/p>\n<p>Organizado por el Centro de Formaci\u00f3n del Transporte de la Fundaci\u00f3n de los Ferrocarriles Espa\u00f1oles<\/p>\n<p>La Fundaci\u00f3n de los Ferrocarriles Espa\u00f1oles, a trav\u00e9s del Centro de Formaci\u00f3n del Transporte, ofrece un programa especializado y dirigido al sector del transporte terrestre, especialmente al ferroviario, para resolver sus necesidades espec\u00edficas de conocimiento y al entorno universitario para complementar la formaci\u00f3n de los posgraduados.<\/p>\n<p><strong>XXX Curso General de Transportes Terrestres<\/strong><\/p>\n<p>Es el Curso m\u00e1s veterano y completo del panorama formativo en transportes, donde m\u00e1s de 1.300 alumnos espa\u00f1oles e iberoamericanos se han formado y muchos de ellos ocupan actualmente puestos directivos en empresas del sector. Permite obtener el T\u00edtulo Propio de Experto Universitario en Transportes.<\/p>\n<p>Se celebra de marzo a noviembre de 2016, con una duraci\u00f3n de 9 meses, y un coste de la matr\u00edcula de 1.990 euros.<\/p>\n<p>El equipo docente est\u00e1 formado por m\u00e1s de 100 expertos y profesionales del sector, procedentes de la empresa privada, la Administraci\u00f3n p\u00fablica, universidades y centros de investigaci\u00f3n.<\/p>\n<p>Se imparte tambi\u00e9n en modalidad semipresencial o 100% e-learning.<\/p>\n<p>\u00b7 Modalidad semipresencial: horarios compatibles con otras actividades, contacto directo con profesores y como complemento un aprendizaje activo y flexible a trav\u00e9s del uso de las nuevas tecnolog\u00edas.<br \/>\n\u00b7 Modalidad e-learning 100%: permite aprender desde cualquier lugar, sin problemas de horarios o desplazamientos, con el apoyo permanente de tutores y profesores, en un contexto de aprendizaje internacional con alumnos de otros pa\u00edses y con la posibilidad de participar en redes y foros profesionales.<\/p>\n<p>Los contenidos se actualizan anualmente en funci\u00f3n de las \u00faltimas novedades y la evoluci\u00f3n del sector del transporte terrestre.<\/p>\n<p>Las \u00e1reas incluidas en el curso son las siguientes:<br \/>\n\u00b7 Aspectos Econ\u00f3micos y Legislativos del Transporte.<br \/>\n\u00b7 Planificaci\u00f3n y Financiaci\u00f3n del Transporte.<br \/>\n\u00b7 Modos de Transporte Terrestre: Sistemas, infraestructura y Tecnolog\u00eda.<br \/>\n\u00b7 Direcci\u00f3n y Estrategia Comercial.<br \/>\n\u00b7 Operaci\u00f3n de los Servicios de Transporte Terrestre.<br \/>\n\u00b7 Y un trabajo fin de curso.<\/p>\n<p>Programa completo: <span style=\"color: #0000ff;\"><strong><a style=\"color: #0000ff;\" href=\"http:\/\/www.formacion-ffe.es\/CursoTransportes\/pdf\/programa_2016.pdf\">www.formacion-ffe.es\/CursoTransportes\/pdf\/programa_2016.pdf<\/a><\/strong><\/span><\/p>\n<p>&nbsp;<\/p>\n","protected":false},"excerpt":{"rendered":"<p>Abiertas las inscripciones En 2016 se celebra la 30\u00aa edici\u00f3n Desde 1987, han participado m\u00e1s de 1300 alumnos Organizado por<\/p>\n","protected":false},"author":4,"featured_media":21570,"comment_status":"closed","ping_status":"open","sticky":false,"template":"","format":"standard","meta":{"footnotes":""},"categories":[],"tags":[25,93],"class_list":["post-21569","post","type-post","status-publish","format-standard","has-post-thumbnail","hentry","tag-actes-congrtesosi-exposicions-fires-i-formacio","tag-ffe-fundacion-ferrocarriles-espanoles","comments-off"],"_links":{"self":[{"href":"https:\/\/www.agrupament.cat\/portal\/wp-json\/wp\/v2\/posts\/21569","targetHints":{"allow":["GET"]}}],"collection":[{"href":"https:\/\/www.agrupament.cat\/portal\/wp-json\/wp\/v2\/posts"}],"about":[{"href":"https:\/\/www.agrupament.cat\/portal\/wp-json\/wp\/v2\/types\/post"}],"author":[{"embeddable":true,"href":"https:\/\/www.agrupament.cat\/portal\/wp-json\/wp\/v2\/users\/4"}],"replies":[{"embeddable":true,"href":"https:\/\/www.agrupament.cat\/portal\/wp-json\/wp\/v2\/comments?post=21569"}],"version-history":[{"count":1,"href":"https:\/\/www.agrupament.cat\/portal\/wp-json\/wp\/v2\/posts\/21569\/revisions"}],"predecessor-version":[{"id":21571,"href":"https:\/\/www.agrupament.cat\/portal\/wp-json\/wp\/v2\/posts\/21569\/revisions\/21571"}],"wp:featuredmedia":[{"embeddable":true,"href":"https:\/\/www.agrupament.cat\/portal\/wp-json\/wp\/v2\/media\/21570"}],"wp:attachment":[{"href":"https:\/\/www.agrupament.cat\/portal\/wp-json\/wp\/v2\/media?parent=21569"}],"wp:term":[{"taxonomy":"category","embeddable":true,"href":"https:\/\/www.agrupament.cat\/portal\/wp-json\/wp\/v2\/categories?post=21569"},{"taxonomy":"post_tag","embeddable":true,"href":"https:\/\/www.agrupament.cat\/portal\/wp-json\/wp\/v2\/tags?post=21569"}],"curies":[{"name":"wp","href":"https:\/\/api.w.org\/{rel}","templated":true}]}}