{"id":21510,"date":"2016-01-19T11:50:23","date_gmt":"2016-01-19T10:50:23","guid":{"rendered":"http:\/\/www.agrupament.cat\/portal\/?p=21510"},"modified":"2016-01-19T11:50:23","modified_gmt":"2016-01-19T10:50:23","slug":"ffe-exposicion-colectiva-de-acuarela-railes-de-agua","status":"publish","type":"post","link":"https:\/\/www.agrupament.cat\/portal\/2016\/01\/ffe-exposicion-colectiva-de-acuarela-railes-de-agua\/","title":{"rendered":"FFE. Exposici\u00f3n colectiva de acuarela Ra\u00edles de agua"},"content":{"rendered":"<p><img loading=\"lazy\" decoding=\"async\" class=\"alignleft size-full wp-image-7601\" src=\"http:\/\/www.agrupament.cat\/portal\/wp-content\/uploads\/2010\/06\/FFE2.jpg\" alt=\"FFE2\" width=\"90\" height=\"38\" \/>La Fundaci\u00f3n de los Ferrocarriles Espa\u00f1oles le invita a la inauguraci\u00f3n de la exposici\u00f3n colectiva de acuarela Ra\u00edles de agua, que tendr\u00e1 lugar el pr\u00f3ximo viernes 22 de enero a las 19 horas en el Palacio de Fern\u00e1n N\u00fa\u00f1ez.<\/p>\n<p>La exposici\u00f3n tiene como tema el ferrocarril y sorprende la gran variedad de enfoques y matices, as\u00ed como la diversidad t\u00e9cnica que convierte esta muestra en un aut\u00e9ntico cat\u00e1logo de la acuarela contempor\u00e1nea espa\u00f1ola, desde el t\u00f3pico de la locomotora humeante a las maravillas tecnol\u00f3gicas de la alta velocidad.<\/p>\n<p>Se podr\u00e1 visitar de lunes a s\u00e1bado hasta el 20 de febrero.<\/p>\n<p>\u00c1rea de Cultura y Comunicaci\u00f3n Externa<\/p>\n","protected":false},"excerpt":{"rendered":"<p>La Fundaci\u00f3n de los Ferrocarriles Espa\u00f1oles le invita a la inauguraci\u00f3n de la exposici\u00f3n colectiva de acuarela Ra\u00edles de agua,<\/p>\n","protected":false},"author":4,"featured_media":21511,"comment_status":"closed","ping_status":"open","sticky":false,"template":"","format":"standard","meta":{"footnotes":""},"categories":[],"tags":[25,3,93,84,379],"class_list":["post-21510","post","type-post","status-publish","format-standard","has-post-thumbnail","hentry","tag-actes-congrtesosi-exposicions-fires-i-formacio","tag-associacions-federacions-fundacions","tag-ffe-fundacion-ferrocarriles-espanoles","tag-madrid","tag-palacio-fernan-nunez","comments-off"],"_links":{"self":[{"href":"https:\/\/www.agrupament.cat\/portal\/wp-json\/wp\/v2\/posts\/21510","targetHints":{"allow":["GET"]}}],"collection":[{"href":"https:\/\/www.agrupament.cat\/portal\/wp-json\/wp\/v2\/posts"}],"about":[{"href":"https:\/\/www.agrupament.cat\/portal\/wp-json\/wp\/v2\/types\/post"}],"author":[{"embeddable":true,"href":"https:\/\/www.agrupament.cat\/portal\/wp-json\/wp\/v2\/users\/4"}],"replies":[{"embeddable":true,"href":"https:\/\/www.agrupament.cat\/portal\/wp-json\/wp\/v2\/comments?post=21510"}],"version-history":[{"count":1,"href":"https:\/\/www.agrupament.cat\/portal\/wp-json\/wp\/v2\/posts\/21510\/revisions"}],"predecessor-version":[{"id":21512,"href":"https:\/\/www.agrupament.cat\/portal\/wp-json\/wp\/v2\/posts\/21510\/revisions\/21512"}],"wp:featuredmedia":[{"embeddable":true,"href":"https:\/\/www.agrupament.cat\/portal\/wp-json\/wp\/v2\/media\/21511"}],"wp:attachment":[{"href":"https:\/\/www.agrupament.cat\/portal\/wp-json\/wp\/v2\/media?parent=21510"}],"wp:term":[{"taxonomy":"category","embeddable":true,"href":"https:\/\/www.agrupament.cat\/portal\/wp-json\/wp\/v2\/categories?post=21510"},{"taxonomy":"post_tag","embeddable":true,"href":"https:\/\/www.agrupament.cat\/portal\/wp-json\/wp\/v2\/tags?post=21510"}],"curies":[{"name":"wp","href":"https:\/\/api.w.org\/{rel}","templated":true}]}}