{"id":21273,"date":"2015-10-22T15:00:46","date_gmt":"2015-10-22T14:00:46","guid":{"rendered":"http:\/\/www.agrupament.cat\/portal\/?p=21273"},"modified":"2015-10-22T13:08:34","modified_gmt":"2015-10-22T12:08:34","slug":"transport-public-per-al-concert-de-pablo-alboran-al-palau-sant-jordi","status":"publish","type":"post","link":"https:\/\/www.agrupament.cat\/portal\/2015\/10\/transport-public-per-al-concert-de-pablo-alboran-al-palau-sant-jordi\/","title":{"rendered":"Transport p\u00fablic per al concert de Pablo Albor\u00e1n al Palau Sant Jordi"},"content":{"rendered":"<p style=\"text-align: justify;\"><a href=\"http:\/\/www.agrupament.cat\/portal\/wp-content\/uploads\/2010\/11\/TMB018.gif\"><img loading=\"lazy\" decoding=\"async\" class=\"alignleft size-full wp-image-9207\" src=\"http:\/\/www.agrupament.cat\/portal\/wp-content\/uploads\/2010\/11\/TMB018.gif\" alt=\"TMB01\" width=\"68\" height=\"50\" \/><\/a>TMB habilitar\u00e0 dem\u00e0 divendres un servei especial d&#8217;autob\u00fas de baixada entre el recinte i la pla\u00e7a Espanya<\/p>\n<p style=\"text-align: justify;\">Amb motiu del concert que oferir\u00e0 el cantant Pablo Albor\u00e1n, al Palau Sant Jordi (21.30 hores), dem\u00e0 divendres, 23 d\u2019octubre, Transports Metropolitans de Barcelona (TMB) habilitar\u00e0 un servei especial d\u2019autobusos de baixada, a la finalitzaci\u00f3 dels concerts (a partir de les 23 hores, aproximadament) entre el recinte i la pla\u00e7a Espanya en qu\u00e8 seran v\u00e0lids tots els t\u00edtols de transport del sistema tarifari integrat. Els vehicles portaran l&#8217;indicador de l\u00ednia \u201cPl. Espanya &#8211; Palau Sant Jordi\u201d.<\/p>\n<p style=\"text-align: justify;\">Per pujar al Palau Sant Jordi, TMB recomana utilitzar la l\u00ednia 150 de bus (Pl. Espanya &#8211; Castell de Montju\u00efc) que, amb motiu del concert, prolongar\u00e0 l\u2019horari i refor\u00e7ar\u00e0 el servei amb m\u00e9s vehicles entre les 19.00 i les 21.30 h.<\/p>\n<p style=\"text-align: justify;\">Per a m\u00e9s informaci\u00f3 es pot consultar l&#8217;av\u00eds corresponent a la secci\u00f3<span style=\"color: #ff0000;\"><strong><a style=\"color: #ff0000;\" href=\"http:\/\/www.tmb.cat\/ca\/sala-de-premsa\/-\/seccio\/noticies\/transport\/noticies-transport-public-pablo-alboran-palau-20151022-transport\"> d\u2019estat del servei del web de TMB.<\/a><\/strong><\/span><\/p>\n","protected":false},"excerpt":{"rendered":"<p>TMB habilitar\u00e0 dem\u00e0 divendres un servei especial d&#8217;autob\u00fas de baixada entre el recinte i la pla\u00e7a Espanya Amb motiu del<\/p>\n","protected":false},"author":4,"featured_media":21274,"comment_status":"closed","ping_status":"open","sticky":false,"template":"","format":"standard","meta":{"footnotes":""},"categories":[],"tags":[25,35,111,56],"class_list":["post-21273","post","type-post","status-publish","format-standard","has-post-thumbnail","hentry","tag-actes-congrtesosi-exposicions-fires-i-formacio","tag-barcelona","tag-bus","tag-metro-barcelona-tmb","comments-off"],"_links":{"self":[{"href":"https:\/\/www.agrupament.cat\/portal\/wp-json\/wp\/v2\/posts\/21273","targetHints":{"allow":["GET"]}}],"collection":[{"href":"https:\/\/www.agrupament.cat\/portal\/wp-json\/wp\/v2\/posts"}],"about":[{"href":"https:\/\/www.agrupament.cat\/portal\/wp-json\/wp\/v2\/types\/post"}],"author":[{"embeddable":true,"href":"https:\/\/www.agrupament.cat\/portal\/wp-json\/wp\/v2\/users\/4"}],"replies":[{"embeddable":true,"href":"https:\/\/www.agrupament.cat\/portal\/wp-json\/wp\/v2\/comments?post=21273"}],"version-history":[{"count":1,"href":"https:\/\/www.agrupament.cat\/portal\/wp-json\/wp\/v2\/posts\/21273\/revisions"}],"predecessor-version":[{"id":21275,"href":"https:\/\/www.agrupament.cat\/portal\/wp-json\/wp\/v2\/posts\/21273\/revisions\/21275"}],"wp:featuredmedia":[{"embeddable":true,"href":"https:\/\/www.agrupament.cat\/portal\/wp-json\/wp\/v2\/media\/21274"}],"wp:attachment":[{"href":"https:\/\/www.agrupament.cat\/portal\/wp-json\/wp\/v2\/media?parent=21273"}],"wp:term":[{"taxonomy":"category","embeddable":true,"href":"https:\/\/www.agrupament.cat\/portal\/wp-json\/wp\/v2\/categories?post=21273"},{"taxonomy":"post_tag","embeddable":true,"href":"https:\/\/www.agrupament.cat\/portal\/wp-json\/wp\/v2\/tags?post=21273"}],"curies":[{"name":"wp","href":"https:\/\/api.w.org\/{rel}","templated":true}]}}