{"id":21144,"date":"2015-10-02T10:36:21","date_gmt":"2015-10-02T09:36:21","guid":{"rendered":"http:\/\/www.agrupament.cat\/portal\/?p=21144"},"modified":"2015-10-02T10:36:21","modified_gmt":"2015-10-02T09:36:21","slug":"transport-public-per-als-quatre-concerts-du2-al-palau-sant-jordi","status":"publish","type":"post","link":"https:\/\/www.agrupament.cat\/portal\/2015\/10\/transport-public-per-als-quatre-concerts-du2-al-palau-sant-jordi\/","title":{"rendered":"Transport p\u00fablic per als quatre concerts d&#8217;U2 al Palau Sant Jordi"},"content":{"rendered":"<p style=\"text-align: justify;\"><a href=\"http:\/\/www.agrupament.cat\/portal\/wp-content\/uploads\/2010\/09\/TMB-012.gif\"><img loading=\"lazy\" decoding=\"async\" class=\"alignleft size-full wp-image-8676\" src=\"http:\/\/www.agrupament.cat\/portal\/wp-content\/uploads\/2010\/09\/TMB-012.gif\" alt=\"TMB 01\" width=\"68\" height=\"50\" \/><\/a>TMB habilitar\u00e0 els dies 5, 6, 9 i 10 d&#8217;octubre un servei especial d&#8217;autob\u00fas de baixada entre el recinte i la pla\u00e7a Espanya<\/p>\n<p style=\"text-align: justify;\">Amb motiu dels quatre concerts que oferir\u00e0 el grup U2, al Palau Sant Jordi (21 hores), dilluns 5, dimarts 6, divendres 9 i dissabte 10 d\u2019octubre, Transports Metropolitans de Barcelona (TMB) habilitar\u00e0 un servei especial d\u2019autobusos de baixada, a la finalitzaci\u00f3 dels concerts (a partir de les 22.45 hores, aproximadament) entre el recinte i la pla\u00e7a Espanya en qu\u00e8 seran v\u00e0lids tots els t\u00edtols de transport del sistema tarifari integrat. Els vehicles portaran l&#8217;indicador de l\u00ednia \u201cPl. Espanya &#8211; Palau Sant Jordi\u201d.<\/p>\n<p style=\"text-align: justify;\">Per pujar al Palau Sant Jordi, TMB recomana utilitzar la l\u00ednia 150 de bus (Pl. Espanya &#8211; Castell de Montju\u00efc) que, amb motiu dels concerts, refor\u00e7ar\u00e0 el servei amb m\u00e9s vehicles entre les 18 i les 21 h.<\/p>\n<p style=\"text-align: justify;\">Per a m\u00e9s informaci\u00f3 es pot consultar l&#8217;av\u00eds corresponent a la secci\u00f3 <strong><span style=\"color: #ff0000;\"><a style=\"color: #ff0000;\" href=\"http:\/\/www.tmb.cat\/ca\/estat-del-servei\">d\u2019estat del servei del web de TMB.<\/a><\/span><\/strong><\/p>\n","protected":false},"excerpt":{"rendered":"<p>TMB habilitar\u00e0 els dies 5, 6, 9 i 10 d&#8217;octubre un servei especial d&#8217;autob\u00fas de baixada entre el recinte i<\/p>\n","protected":false},"author":4,"featured_media":21145,"comment_status":"closed","ping_status":"open","sticky":false,"template":"","format":"standard","meta":{"footnotes":""},"categories":[],"tags":[25,35,111,56],"class_list":["post-21144","post","type-post","status-publish","format-standard","has-post-thumbnail","hentry","tag-actes-congrtesosi-exposicions-fires-i-formacio","tag-barcelona","tag-bus","tag-metro-barcelona-tmb","comments-off"],"_links":{"self":[{"href":"https:\/\/www.agrupament.cat\/portal\/wp-json\/wp\/v2\/posts\/21144","targetHints":{"allow":["GET"]}}],"collection":[{"href":"https:\/\/www.agrupament.cat\/portal\/wp-json\/wp\/v2\/posts"}],"about":[{"href":"https:\/\/www.agrupament.cat\/portal\/wp-json\/wp\/v2\/types\/post"}],"author":[{"embeddable":true,"href":"https:\/\/www.agrupament.cat\/portal\/wp-json\/wp\/v2\/users\/4"}],"replies":[{"embeddable":true,"href":"https:\/\/www.agrupament.cat\/portal\/wp-json\/wp\/v2\/comments?post=21144"}],"version-history":[{"count":1,"href":"https:\/\/www.agrupament.cat\/portal\/wp-json\/wp\/v2\/posts\/21144\/revisions"}],"predecessor-version":[{"id":21146,"href":"https:\/\/www.agrupament.cat\/portal\/wp-json\/wp\/v2\/posts\/21144\/revisions\/21146"}],"wp:featuredmedia":[{"embeddable":true,"href":"https:\/\/www.agrupament.cat\/portal\/wp-json\/wp\/v2\/media\/21145"}],"wp:attachment":[{"href":"https:\/\/www.agrupament.cat\/portal\/wp-json\/wp\/v2\/media?parent=21144"}],"wp:term":[{"taxonomy":"category","embeddable":true,"href":"https:\/\/www.agrupament.cat\/portal\/wp-json\/wp\/v2\/categories?post=21144"},{"taxonomy":"post_tag","embeddable":true,"href":"https:\/\/www.agrupament.cat\/portal\/wp-json\/wp\/v2\/tags?post=21144"}],"curies":[{"name":"wp","href":"https:\/\/api.w.org\/{rel}","templated":true}]}}