{"id":21134,"date":"2015-09-26T09:00:24","date_gmt":"2015-09-26T08:00:24","guid":{"rendered":"http:\/\/www.agrupament.cat\/portal\/?p=21134"},"modified":"2015-09-30T09:41:56","modified_gmt":"2015-09-30T08:41:56","slug":"el-tren-de-alta-velocidad-agv-de-alstom-protagonista-del-nuevo-museo-nacional-belga","status":"publish","type":"post","link":"https:\/\/www.agrupament.cat\/portal\/2015\/09\/el-tren-de-alta-velocidad-agv-de-alstom-protagonista-del-nuevo-museo-nacional-belga\/","title":{"rendered":"El tren de alta velocidad AGV de Alstom,  protagonista del nuevo museo nacional belga"},"content":{"rendered":"<p style=\"text-align: justify;\"><a href=\"http:\/\/www.agrupament.cat\/portal\/wp-content\/uploads\/2011\/03\/Alstom-Espa\u00f1a.gif\"><img loading=\"lazy\" decoding=\"async\" class=\"alignleft size-full wp-image-10124\" src=\"http:\/\/www.agrupament.cat\/portal\/wp-content\/uploads\/2011\/03\/Alstom-Espa\u00f1a.gif\" alt=\"Alstom Espa\u00f1a\" width=\"94\" height=\"35\" \/><\/a>\u00b7 <strong><span style=\"color: #ff6600;\"><a style=\"color: #ff6600;\" href=\"http:\/\/www.trainworld.be\/en\">El museo Train World <\/a><\/span><\/strong>abre hoy sus puertas con una propuesta interactiva que recorre la historia del ferrocarril, con ambientes y escenas casi reales.<br \/>\n\u00b7 El tren de alta velocidad AGV de Alstom es el protagoniza el viaje al futuro, con una maqueta a tama\u00f1o real que refleja, en palabras del escen\u00f3grafo del museo, Fran\u00e7ois Schuiten, la \u201ccapacidad de innovaci\u00f3n y la belleza\u201d de este medio de transporte.<\/p>\n<p style=\"text-align: justify;\">Madrid 25 de septiembre de 2015.- El tren de alta velocidad AGV de Alstom, actualmente en servicio en Italia por el operador privado italiano NTV, es el protagonista del <strong><span style=\"color: #ff6600;\"><a style=\"color: #ff6600;\" href=\"http:\/\/www.trainworld.be\/en\">Train World<\/a><\/span><\/strong>, el nuevo museo nacional belga dedicado al ferrocarril. \u00a0Este museo, situado en la localidad de Schaerbeek, en la regi\u00f3n belga de Bruselas, abre hoy sus puertas al p\u00fablico tras a\u00f1os de planificaci\u00f3n y construcci\u00f3n. El Museo, que ocupa una superficie de 8.000 metros cuadrados, est\u00e1 situado en la hist\u00f3rica estaci\u00f3n de Schaerbeek, en la l\u00ednea Malinas-Bruselas, por la que circul\u00f3 el primer tren europeo en 1835, hace m\u00e1s de 180 a\u00f1os. Ofrece un relato del pasado ferroviario del pa\u00eds, uno de los pioneros en este medio de transporte, junto con la visi\u00f3n del papel actual y futuro del ferrocarril.<\/p>\n<p style=\"text-align: justify;\">El dise\u00f1ador Fran\u00e7ois Schuiten ha sido el encargado de la escenograf\u00eda interactiva que transporta al visitante en un viaje por la historia de este medio de transporte, con ambientes y escenas casi reales. El tren de alta velocidad AGV de Alstom protagoniza el viaje al futuro. Una maqueta a tama\u00f1o real de del frontal de este tren, de 7 metros de longitud, se expone como ejemplo de la innovaci\u00f3n y el dise\u00f1o del ferrocarril del siglo XXI. \u201cEstaba decidido a situar el AGV en un lugar privilegiado, ya que encarna no solamente el futuro de los trenes, sino tambi\u00e9n la belleza: es absueltamente magn\u00edfico\u201d, ha destacado Fran\u00e7ois Schuiten.<\/p>\n<p style=\"text-align: justify;\"><strong>Schaer<\/strong><br \/>\nEl AGV, capaz de circular a 360 km\/h, es el primer tren de muy alta velocidad, concebido como un tren totalmente interoperable internacionalmente y con un alto nivel de compromiso medioambiental. Se trata de un tren innovador que combina la arquitectura de los trenes articulados con bogie compartido, y tracci\u00f3n distribuida con motores de imanes permanentes. Esta combinaci\u00f3n refuerza la seguridad, permite aumentar el espacio disponible en un 20% y facilita al operador una gran flexibilidad, al ofrecer la posibilidad de disponer de composiciones de siete a catorce coches. Adem\u00e1s, el menor peso y n\u00famero de componentes, la utilizaci\u00f3n de materiales ligeros y las mejoras aerodin\u00e1micas consiguen una reducci\u00f3n de un 15% en el consumo de energ\u00eda.<\/p>\n","protected":false},"excerpt":{"rendered":"<p>\u00b7 El museo Train World abre hoy sus puertas con una propuesta interactiva que recorre la historia del ferrocarril, con<\/p>\n","protected":false},"author":4,"featured_media":21135,"comment_status":"closed","ping_status":"open","sticky":false,"template":"","format":"standard","meta":{"footnotes":""},"categories":[],"tags":[25,641,242,40,642],"class_list":["post-21134","post","type-post","status-publish","format-standard","has-post-thumbnail","hentry","tag-actes-congrtesosi-exposicions-fires-i-formacio","tag-agv","tag-alstom","tag-museus","tag-schaerbeek","comments-off"],"_links":{"self":[{"href":"https:\/\/www.agrupament.cat\/portal\/wp-json\/wp\/v2\/posts\/21134","targetHints":{"allow":["GET"]}}],"collection":[{"href":"https:\/\/www.agrupament.cat\/portal\/wp-json\/wp\/v2\/posts"}],"about":[{"href":"https:\/\/www.agrupament.cat\/portal\/wp-json\/wp\/v2\/types\/post"}],"author":[{"embeddable":true,"href":"https:\/\/www.agrupament.cat\/portal\/wp-json\/wp\/v2\/users\/4"}],"replies":[{"embeddable":true,"href":"https:\/\/www.agrupament.cat\/portal\/wp-json\/wp\/v2\/comments?post=21134"}],"version-history":[{"count":1,"href":"https:\/\/www.agrupament.cat\/portal\/wp-json\/wp\/v2\/posts\/21134\/revisions"}],"predecessor-version":[{"id":21136,"href":"https:\/\/www.agrupament.cat\/portal\/wp-json\/wp\/v2\/posts\/21134\/revisions\/21136"}],"wp:featuredmedia":[{"embeddable":true,"href":"https:\/\/www.agrupament.cat\/portal\/wp-json\/wp\/v2\/media\/21135"}],"wp:attachment":[{"href":"https:\/\/www.agrupament.cat\/portal\/wp-json\/wp\/v2\/media?parent=21134"}],"wp:term":[{"taxonomy":"category","embeddable":true,"href":"https:\/\/www.agrupament.cat\/portal\/wp-json\/wp\/v2\/categories?post=21134"},{"taxonomy":"post_tag","embeddable":true,"href":"https:\/\/www.agrupament.cat\/portal\/wp-json\/wp\/v2\/tags?post=21134"}],"curies":[{"name":"wp","href":"https:\/\/api.w.org\/{rel}","templated":true}]}}