{"id":21129,"date":"2015-09-29T09:02:31","date_gmt":"2015-09-29T08:02:31","guid":{"rendered":"http:\/\/www.agrupament.cat\/portal\/?p=21129"},"modified":"2015-09-30T09:11:37","modified_gmt":"2015-09-30T08:11:37","slug":"adif-invertira-mas-de-26-millones-de-euros-en-la-renovacion-integral-de-la-via-en-el-tramo-macanet-caldes-de-malavella","status":"publish","type":"post","link":"https:\/\/www.agrupament.cat\/portal\/2015\/09\/adif-invertira-mas-de-26-millones-de-euros-en-la-renovacion-integral-de-la-via-en-el-tramo-macanet-caldes-de-malavella\/","title":{"rendered":"Adif invertir\u00e1 m\u00e1s de 26 millones de euros en la renovaci\u00f3n integral de la v\u00eda en el tramo Ma\u00e7anet-Caldes de Malavella"},"content":{"rendered":"<p style=\"text-align: justify;\"><a href=\"http:\/\/www.agrupament.cat\/portal\/wp-content\/uploads\/2010\/12\/Adif017.gif\"><img loading=\"lazy\" decoding=\"async\" class=\"alignleft size-full wp-image-9339\" src=\"http:\/\/www.agrupament.cat\/portal\/wp-content\/uploads\/2010\/12\/Adif017.gif\" alt=\"Adif01\" width=\"83\" height=\"35\" \/><\/a>Actuaciones de mejora de la red de ancho convencional de Catalu\u00f1a<br \/>\n\u2022 Se modernizar\u00e1 la superestructura de v\u00eda a lo largo de 28,7 km mediante la colocaci\u00f3n de m\u00e1s de 24.600 traviesas y de casi 48.300 m de carril, entre otras operaciones \u2022 Esta actuaci\u00f3n aumentar\u00e1 los par\u00e1metros de calidad y eficiencia de las instalaciones, favoreciendo un mayor confort, seguridad y regularidad de las circulaciones ferroviarias<\/p>\n<p style=\"text-align: justify;\">28\/09\/2015. El Consejo de Administraci\u00f3n de Adif ha aprobado en su \u00faltima reuni\u00f3n la licitaci\u00f3n de las obras de renovaci\u00f3n integral de la v\u00eda en el tramo Ma\u00e7anet-Caldes de Malavella, perteneciente a la l\u00ednea de ancho convencional Barcelona-Girona-Portbou.<\/p>\n<p style=\"text-align: justify;\">Esta actuaci\u00f3n tiene un presupuesto de licitaci\u00f3n de 17.025.208 euros (IVA incluido), a los que se a\u00f1aden otros 9.353.262,6 euros (sin IVA) en concepto de los materiales y servicios aportados directamente por Adif.<\/p>\n<p style=\"text-align: justify;\">Este proyecto tiene como finalidad optimizar los par\u00e1metros geom\u00e9tricos de las instalaciones ferroviarias, aumentando su calidad, disponibilidad y solidez, lo que contribuir\u00e1 a incrementar el confort, seguridad y regularidad de las circulaciones ferroviarias. Adem\u00e1s, permitir\u00e1 establecer las condiciones para la supresi\u00f3n de una limitaci\u00f3n temporal de velocidad existente actualmente para los tr\u00e1ficos de mercanc\u00edas.<\/p>\n<p style=\"text-align: justify;\">Las principales actuaciones consistir\u00e1n en la colocaci\u00f3n de 24.602 traviesas monobloque de hormig\u00f3n del tipo PR-01 y de 48.728 m de carril de 60 kg\/m a lo largo de las dos v\u00edas generales de este tramo, de 28,7 km de longitud.<\/p>\n<p style=\"text-align: justify;\">Tambi\u00e9n se renovar\u00e1n 6,1 km de v\u00edas secundarias en las estaciones de Ma\u00e7anet-Massanes y Caldes de Malavella, as\u00ed como 24 aparatos de v\u00eda en ambas estaciones, adaptando las instalaciones de la l\u00ednea a\u00e9rea de contacto y el enclavamiento electr\u00f3nico de la estaci\u00f3n de Ma\u00e7anet-Massanes a la nueva configuraci\u00f3n de v\u00edas.<\/p>\n<p style=\"text-align: justify;\">Los trabajos para el montaje de la nueva superestructura, que se llevar\u00e1n a cabo con maquinaria especializada, se completar\u00e1n con la realizaci\u00f3n de soldaduras aluminot\u00e9rmicas para las uniones del carril, y operaciones para garantizar los \u00f3ptimos par\u00e1metros geom\u00e9tricos de la v\u00eda, como neutralizaciones, alineaci\u00f3n, perfilado y nivelaci\u00f3n.<\/p>\n<p style=\"text-align: justify;\">La ejecuci\u00f3n de las obras, que se compatibilizar\u00e1n con el tr\u00e1fico ferroviario, tambi\u00e9n contempla trabajos de mejora de otros elementos de la infraestructura, como el tratamiento y acondicionamiento de trincheras, la colocaci\u00f3n de escolleras de protecci\u00f3n en terraplenes, la tala de \u00e1rboles y desbroce de vegetaci\u00f3n en las proximidades de la v\u00eda y la ejecuci\u00f3n de nuevos muretes guardabalasto.<\/p>\n<p style=\"text-align: justify;\">De forma paralela, se instalar\u00e1 nuevo pavimento de caucho en pasos a nivel y malla galvanizada en diversos puntos del trayecto, y se llevar\u00e1n a cabo otros trabajos de f\u00e1brica como la construcci\u00f3n de nuevas cunetas, protecciones laterales y encofrados en diversos paramentos, entre otras operaciones.<\/p>\n<p style=\"text-align: justify;\"><strong>Financiaci\u00f3n europea<\/strong><br \/>\nEsta actuaci\u00f3n podr\u00e1 ser cofinanciada por el Mecanismo \u201cConectar Europa\u201d (CEF).<\/p>\n","protected":false},"excerpt":{"rendered":"<p>Actuaciones de mejora de la red de ancho convencional de Catalu\u00f1a \u2022 Se modernizar\u00e1 la superestructura de v\u00eda a lo<\/p>\n","protected":false},"author":4,"featured_media":20312,"comment_status":"closed","ping_status":"open","sticky":false,"template":"","format":"standard","meta":{"footnotes":""},"categories":[],"tags":[71,156,640,19,248,198,72],"class_list":["post-21129","post","type-post","status-publish","format-standard","has-post-thumbnail","hentry","tag-adif","tag-barcelona-frontera-francesa","tag-caldes-de-malavella","tag-infraestructures","tag-macanet","tag-r11-barcelona-sants-a-cerbere","tag-renfe-operadora","comments-off"],"_links":{"self":[{"href":"https:\/\/www.agrupament.cat\/portal\/wp-json\/wp\/v2\/posts\/21129","targetHints":{"allow":["GET"]}}],"collection":[{"href":"https:\/\/www.agrupament.cat\/portal\/wp-json\/wp\/v2\/posts"}],"about":[{"href":"https:\/\/www.agrupament.cat\/portal\/wp-json\/wp\/v2\/types\/post"}],"author":[{"embeddable":true,"href":"https:\/\/www.agrupament.cat\/portal\/wp-json\/wp\/v2\/users\/4"}],"replies":[{"embeddable":true,"href":"https:\/\/www.agrupament.cat\/portal\/wp-json\/wp\/v2\/comments?post=21129"}],"version-history":[{"count":1,"href":"https:\/\/www.agrupament.cat\/portal\/wp-json\/wp\/v2\/posts\/21129\/revisions"}],"predecessor-version":[{"id":21130,"href":"https:\/\/www.agrupament.cat\/portal\/wp-json\/wp\/v2\/posts\/21129\/revisions\/21130"}],"wp:featuredmedia":[{"embeddable":true,"href":"https:\/\/www.agrupament.cat\/portal\/wp-json\/wp\/v2\/media\/20312"}],"wp:attachment":[{"href":"https:\/\/www.agrupament.cat\/portal\/wp-json\/wp\/v2\/media?parent=21129"}],"wp:term":[{"taxonomy":"category","embeddable":true,"href":"https:\/\/www.agrupament.cat\/portal\/wp-json\/wp\/v2\/categories?post=21129"},{"taxonomy":"post_tag","embeddable":true,"href":"https:\/\/www.agrupament.cat\/portal\/wp-json\/wp\/v2\/tags?post=21129"}],"curies":[{"name":"wp","href":"https:\/\/api.w.org\/{rel}","templated":true}]}}